{"id":427,"__str__":"Projeto de Lei Ordin\u00e1rio n\u00ba 16 de 2025","link_detail_backend":"/materia/427","metadata":{},"numero":16,"ano":2025,"numero_protocolo":null,"data_apresentacao":"2025-02-05","tipo_apresentacao":"E","data_publicacao":null,"numero_origem_externa":"","ano_origem_externa":null,"data_origem_externa":null,"apelido":"","dias_prazo":null,"data_fim_prazo":null,"em_tramitacao":false,"polemica":false,"objeto":"","complementar":false,"ementa":"Institui a semana de adapta\u00e7\u00e3o para estudantes com defici\u00eancia na rede p\u00fablica municipal de ensino do munic\u00edpio de Pacajus-Ce.","indexacao":"","observacao":"","resultado":"","texto_original":null,"data_ultima_atualizacao":"2025-02-06T18:58:58.775296-03:00","ip":"45.4.240.66","ultima_edicao":"2025-02-05T12:11:50.119475-03:00","tipo":1,"regime_tramitacao":1,"tipo_origem_externa":null,"local_origem_externa":null,"user":4,"anexadas":[],"autores":[37]}