{"id":614,"__str__":"Projeto de Lei Complementar n\u00ba 6 de 2025","link_detail_backend":"/materia/614","metadata":{"signs":{"texto_original":{"admin":[],"autores":[["Jose Edilson de Carvalho Lima",["2025-06-04T16:21:35-03:00","ICP-Brasil"]]]}}},"numero":6,"ano":2025,"numero_protocolo":null,"data_apresentacao":"2025-06-04","tipo_apresentacao":"E","data_publicacao":null,"numero_origem_externa":"","ano_origem_externa":2025,"data_origem_externa":null,"apelido":"","dias_prazo":null,"data_fim_prazo":null,"em_tramitacao":false,"polemica":false,"objeto":"","complementar":true,"ementa":"Altera a Lei complementar n\u00ba 03/2018 de 05 de novembro de 2018, que trata do Plano Diretor do munic\u00edpio de Pacajus/Ce, e d\u00e1 outras provid\u00eancias.","indexacao":"","observacao":"","resultado":"","texto_original":"http://sapl.pacajus.ce.leg.br/media/sapl/public/materialegislativa/2025/614/projeto_de_lei_complementar_-_altera_o_plano_diretor_do_municipio_-_novo_zoneamento_1.1_ass_02.pdf","data_ultima_atualizacao":"2025-06-07T17:17:52.814800-03:00","ip":"190.123.3.113","ultima_edicao":"2025-06-05T07:51:55.908956-03:00","tipo":2,"regime_tramitacao":1,"tipo_origem_externa":2,"local_origem_externa":2,"user":7,"anexadas":[],"autores":[43]}