{"id":876,"__str__":"Projeto de Lei Ordin\u00e1rio n\u00ba 14 de 2026","link_detail_backend":"/materia/876","metadata":{},"numero":14,"ano":2026,"numero_protocolo":null,"data_apresentacao":"2026-02-24","tipo_apresentacao":"E","data_publicacao":null,"numero_origem_externa":"14","ano_origem_externa":2026,"data_origem_externa":"2026-02-24","apelido":"","dias_prazo":null,"data_fim_prazo":null,"em_tramitacao":true,"polemica":false,"objeto":"","complementar":false,"ementa":"Institui o Dia e a Semana Municipal da Agricultura Familiar no Munic\u00edpio de Pacajus e d\u00e1 outras provid\u00eancias.","indexacao":"","observacao":"","resultado":"","texto_original":"http://sapl.pacajus.ce.leg.br/media/sapl/public/materialegislativa/2026/876/pl_14_2026.pdf","data_ultima_atualizacao":"2026-02-27T12:03:03.907308-03:00","ip":"190.123.3.113","ultima_edicao":"2026-02-27T12:03:03.670307-03:00","tipo":1,"regime_tramitacao":1,"tipo_origem_externa":1,"local_origem_externa":1,"user":8,"anexadas":[],"autores":[20]}