{"id":893,"__str__":"Indica\u00e7\u00e3o n\u00ba 9 de 2026","link_detail_backend":"/materia/893","metadata":{},"numero":9,"ano":2026,"numero_protocolo":null,"data_apresentacao":"2026-03-03","tipo_apresentacao":"E","data_publicacao":null,"numero_origem_externa":"9","ano_origem_externa":2026,"data_origem_externa":"2026-03-03","apelido":"","dias_prazo":null,"data_fim_prazo":null,"em_tramitacao":true,"polemica":false,"objeto":"","complementar":false,"ementa":"Sugere ao Poder Executivo Municipal a cria\u00e7\u00e3o de \u00e1reas destinadas \u00e0s pessoas com defici\u00eancia ou mobilidade reduzida, durante festas e eventos promovidos pela prefeitura, e a disponibiliza\u00e7\u00e3o de equipamentos de seguran\u00e7a e indispens\u00e1veis para o melhor aproveitamento do evento por parte deles no Munic\u00edpio de Pacajus.","indexacao":"","observacao":"","resultado":"","texto_original":null,"data_ultima_atualizacao":"2026-03-04T11:18:49.365565-03:00","ip":"190.123.3.113","ultima_edicao":"2026-03-04T11:18:49.280444-03:00","tipo":7,"regime_tramitacao":1,"tipo_origem_externa":7,"local_origem_externa":2,"user":8,"anexadas":[],"autores":[37]}