{"id":939,"__str__":"Requerimento n\u00ba 88 de 2026","link_detail_backend":"/materia/939","metadata":{},"numero":88,"ano":2026,"numero_protocolo":null,"data_apresentacao":"2026-04-09","tipo_apresentacao":"E","data_publicacao":null,"numero_origem_externa":"88","ano_origem_externa":2026,"data_origem_externa":"2026-04-09","apelido":"","dias_prazo":null,"data_fim_prazo":null,"em_tramitacao":true,"polemica":false,"objeto":"","complementar":false,"ementa":"REQUER AO PODER EXECUTIVO MUNICIPAL A CONVOCA\u00c7\u00c3O E NOMEA\u00c7\u00c3O PARA O CARGO DE COORDENA\u00c7\u00c3O DE BEM-ESTAR ANIMAL, CRIADO PELA LEGISLA\u00c7\u00c3O MUNICIPAL NO ANO DE 2025.","indexacao":"","observacao":"","resultado":"","texto_original":null,"data_ultima_atualizacao":"2026-04-09T09:38:41.819148-03:00","ip":"190.123.3.113","ultima_edicao":"2026-04-09T09:37:38.781611-03:00","tipo":6,"regime_tramitacao":1,"tipo_origem_externa":6,"local_origem_externa":1,"user":8,"anexadas":[],"autores":[42]}