{"headers": {"id": "ID", "ano": "Ano", "numero": "N\u00famero", "tipo__sigla": "Tipo de Mat\u00e9ria Legislativa/Sigla", "tipo__descricao": "Tipo de Mat\u00e9ria Legislativa/Descri\u00e7\u00e3o", "autoria": "Autorias", "texto_original": "Texto Original", "ementa": "Ementa"}, "results": [{"id": "12", "ano": "2023", "numero": "48", "tipo__sigla": "PLO-E", "tipo__descricao": "Projeto de Lei - Executivo", "autoria": "Davanilson Jos\u00e9 Pinheiro Leite (T\u00f3 da Guiomar)", "texto_original": "http://sapl.pacajus.ce.leg.br/media/sapl/public/materialegislativa/2023/12/pl_048-2023.pdf", "ementa": "Inclui o art. 1\u00b0 a Lei Municipal n\u00b0 001/2007 e adota outras providencias."}, {"id": "13", "ano": "2023", "numero": "49", "tipo__sigla": "PLO-E", "tipo__descricao": "Projeto de Lei - Executivo", "autoria": "Davanilson Jos\u00e9 Pinheiro Leite (T\u00f3 da Guiomar)", "texto_original": "http://sapl.pacajus.ce.leg.br/media/sapl/public/materialegislativa/2023/13/pl_049-2023.pdf", "ementa": "Disp\u00f5e acerca da realiza\u00e7\u00e3o da Elei\u00e7\u00e3o indireta no \u00e2mbito do municipal de Pacajus e adota outras providencias."}, {"id": "35", "ano": "2023", "numero": "50", "tipo__sigla": "PLO-E", "tipo__descricao": "Projeto de Lei - Executivo", "autoria": "Poder Executivo", "texto_original": "http://sapl.pacajus.ce.leg.br/media/sapl/public/materialegislativa/2023/35/pl_050-2023_loa_compressed.pdf", "ementa": "Estima a receita e fixa a despesa do Munic\u00edpio de Pacaj\u00fas para o exerc\u00edcio financeiro de 2024."}, {"id": "28", "ano": "2023", "numero": "52", "tipo__sigla": "PLO-E", "tipo__descricao": "Projeto de Lei - Executivo", "autoria": "Poder Executivo", "texto_original": "http://sapl.pacajus.ce.leg.br/media/sapl/public/materialegislativa/2023/28/pl_052-2023.pdf", "ementa": "Disp\u00f5e acerca a concess\u00e3o do piso salarial para os cargos de enfermeiro, t\u00e9cnico de enfermagem e auxiliar de enfermagem, de acordo com a Emenda Constitucional n. 124, de 14 de julho de 2022, e d\u00e1 outras provid\u00eancias."}, {"id": "34", "ano": "2023", "numero": "53", "tipo__sigla": "PLO-E", "tipo__descricao": "Projeto de Lei - Executivo", "autoria": "Poder Executivo", "texto_original": "http://sapl.pacajus.ce.leg.br/media/sapl/public/materialegislativa/2023/34/pl_053-2023.pdf", "ementa": "Altera os Anexos I e II da Lei Municipal n. 1.031/2022 e d\u00e1 outras provid\u00eancias."}, {"id": "42", "ano": "2023", "numero": "54", "tipo__sigla": "PLO-E", "tipo__descricao": "Projeto de Lei - Executivo", "autoria": "Poder Executivo", "texto_original": "http://sapl.pacajus.ce.leg.br/media/", "ementa": "Denomina de En\u00e9as de Castro Feitosa o Ponto de Apoio a Sa\u00fade, da localidade do Formoso."}, {"id": "46", "ano": "2023", "numero": "56", "tipo__sigla": "PLO-E", "tipo__descricao": "Projeto de Lei - Executivo", "autoria": "Poder Executivo", "texto_original": "http://sapl.pacajus.ce.leg.br/media/sapl/public/materialegislativa/2023/46/pl_056-2023.pdf", "ementa": "Altera a Lei Municipal n. 936/2022, que trata da Estrutura Administrativa do Poder Executivo Municipal, e d\u00e1 outras\u00a0provid\u00eancias."}, {"id": "55", "ano": "2023", "numero": "57", "tipo__sigla": "PLO-E", "tipo__descricao": "Projeto de Lei - Executivo", "autoria": "Davanilson Jos\u00e9 Pinheiro Leite (T\u00f3 da Guiomar)", "texto_original": "http://sapl.pacajus.ce.leg.br/media/sapl/public/materialegislativa/2023/55/pl_057-20231.pdf", "ementa": "Que disp\u00f5e sobre a autoriza\u00e7\u00e3o para o Chefe do Executivo Municipal fornecer aux\u00edlio financeiro a atleta e d\u00e1 outras provid\u00eancias."}, {"id": "56", "ano": "2023", "numero": "58", "tipo__sigla": "PLO-E", "tipo__descricao": "Projeto de Lei - Executivo", "autoria": "Davanilson Jos\u00e9 Pinheiro Leite (T\u00f3 da Guiomar)", "texto_original": "http://sapl.pacajus.ce.leg.br/media/sapl/public/materialegislativa/2023/56/pl_058-20231.pdf", "ementa": "Que altera as Leis Municipais n. 936/2022, 1092/2023 e 1094/2023 que tratam da Estrutura Administrativa do Poder Executivo Municipal, bem como disp\u00f5es sobre o reajuste salarial dos cargos de administrador e fiscal de tributos municipais na forma que indica \u00e9 d\u00e1 outras provid\u00eancias."}, {"id": "62", "ano": "2023", "numero": "59", "tipo__sigla": "PLO-E", "tipo__descricao": "Projeto de Lei - Executivo", "autoria": "Davanilson Jos\u00e9 Pinheiro Leite (T\u00f3 da Guiomar)", "texto_original": "http://sapl.pacajus.ce.leg.br/media/sapl/public/materialegislativa/2023/62/pl_059-2023.pdf", "ementa": "Altera as metas fiscais para o exerc\u00edcio de 2023 e d\u00e1 outras provid\u00eancias"}, {"id": "60", "ano": "2023", "numero": "60", "tipo__sigla": "PLO-E", "tipo__descricao": "Projeto de Lei - Executivo", "autoria": "Davanilson Jos\u00e9 Pinheiro Leite (T\u00f3 da Guiomar)", "texto_original": "http://sapl.pacajus.ce.leg.br/media/sapl/public/materialegislativa/2023/60/pl_060-2023.pdf", "ementa": "Que autoriza o Poder Executivo a fazer a concess\u00e3o de uso, em COMODATO, de bem im\u00f3vel P\u00fablico Municipal e, d\u00e1 outras provid\u00eancias."}, {"id": "61", "ano": "2023", "numero": "61", "tipo__sigla": "PLO-E", "tipo__descricao": "Projeto de Lei - Executivo", "autoria": "Davanilson Jos\u00e9 Pinheiro Leite (T\u00f3 da Guiomar)", "texto_original": "http://sapl.pacajus.ce.leg.br/media/sapl/public/materialegislativa/2023/61/pl_061-2023.pdf", "ementa": "Acrescenta o art. 7\u00b0-a, na lei 1103, de 12 de maio de 2023 e, d\u00e1 outras provid\u00eancias"}, {"id": "22", "ano": "2023", "numero": "45", "tipo__sigla": "PLO", "tipo__descricao": "Projeto de Lei Ordin\u00e1rio", "autoria": "Erlando Lima, Chichico, Reginaldo Firmino, Ronielly da Aldeia", "texto_original": "http://sapl.pacajus.ce.leg.br/media/sapl/public/materialegislativa/2023/22/pl_045-2023.pdf", "ementa": "Concede o Titulo do Cidad\u00e3o Pacajuense para o Sr. Sergio Luiz Rodrigues Lima."}, {"id": "30", "ano": "2023", "numero": "46", "tipo__sigla": "PLO", "tipo__descricao": "Projeto de Lei Ordin\u00e1rio", "autoria": "Rhaisa Menezes", "texto_original": "http://sapl.pacajus.ce.leg.br/media/sapl/public/materialegislativa/2023/30/pl_046-2023.pdf", "ementa": "Concede T\u00edtulo de Cidad\u00e3o Pacajuense \u00e0 Sra. Lia Gondim Ara\u00fajo de Freitas"}, {"id": "36", "ano": "2023", "numero": "47", "tipo__sigla": "PLO", "tipo__descricao": "Projeto de Lei Ordin\u00e1rio", "autoria": "Ricardo Motos", "texto_original": "http://sapl.pacajus.ce.leg.br/media/", "ementa": "Concede T\u00edtulo de cidad\u00e3o Pacajus para Deputado Estadual Agenor."}, {"id": "39", "ano": "2023", "numero": "48", "tipo__sigla": "PLO", "tipo__descricao": "Projeto de Lei Ordin\u00e1rio", "autoria": "Ricardo Motos", "texto_original": "http://sapl.pacajus.ce.leg.br/media/", "ementa": "Concede T\u00edtulo de cidad\u00e3o Pacajus para Deputado Federal Mauro Filho."}, {"id": "40", "ano": "2023", "numero": "49", "tipo__sigla": "PLO", "tipo__descricao": "Projeto de Lei Ordin\u00e1rio", "autoria": "Ronielly da Aldeia", "texto_original": "http://sapl.pacajus.ce.leg.br/media/", "ementa": "Concede t\u00edtulo de cidad\u00e3 Pacajuense para Maria Vilani Lima da Silva."}, {"id": "49", "ano": "2023", "numero": "50", "tipo__sigla": "PLO", "tipo__descricao": "Projeto de Lei Ordin\u00e1rio", "autoria": "Reginaldo Firmino, Ricardo Motos", "texto_original": "http://sapl.pacajus.ce.leg.br/media/sapl/public/materialegislativa/2023/49/pl_050-2023.pdf", "ementa": "Concede T\u00edtulo de Cidad\u00e3o Pacajuense para o Sr. Alcimor Aguiar Rocha Neto."}, {"id": "50", "ano": "2023", "numero": "51", "tipo__sigla": "PLO", "tipo__descricao": "Projeto de Lei Ordin\u00e1rio", "autoria": "Reginaldo Firmino, Ricardo Motos", "texto_original": "http://sapl.pacajus.ce.leg.br/media/sapl/public/materialegislativa/2023/50/pl_151-2023.pdf", "ementa": "Concede T\u00edtulo de Cidad\u00e3o Pacajuense para o Sr. Dami\u00e3o Soares Ten\u00f3rio."}, {"id": "51", "ano": "2023", "numero": "52", "tipo__sigla": "PLO", "tipo__descricao": "Projeto de Lei Ordin\u00e1rio", "autoria": "Cristina Rocha", "texto_original": "http://sapl.pacajus.ce.leg.br/media/sapl/public/materialegislativa/2023/51/pl_052-20231.pdf", "ementa": "Visa implantar o servi\u00e7o legislativo de orienta\u00e7\u00e3o, prote\u00e7\u00e3o e defesa do consumidor no \u00e2mbito da C\u00e2mara Municipal de Pacajus - PROCON/CMP, cujo objetivo \u00e9 promover e implementar as a\u00e7\u00f5es direcionadas \u00e0 educa\u00e7\u00e3o, orienta\u00e7\u00e3o e prote\u00e7\u00e3o e defesa do consumidor e \u00e0 coordena\u00e7\u00e3o da pol\u00edtica de defesa do consumidor."}, {"id": "57", "ano": "2023", "numero": "53", "tipo__sigla": "PLO", "tipo__descricao": "Projeto de Lei Ordin\u00e1rio", "autoria": "Rodrigo Nogueira", "texto_original": "http://sapl.pacajus.ce.leg.br/media/sapl/public/materialegislativa/2023/57/pl_053-2023.pdf", "ementa": "Concede T\u00edtulo de Cidad\u00e3o Pacajuense para o Sr. Luiz de\u00a0Almeida\u00a0Teles."}, {"id": "58", "ano": "2023", "numero": "54", "tipo__sigla": "PLO", "tipo__descricao": "Projeto de Lei Ordin\u00e1rio", "autoria": "Reginaldo Firmino", "texto_original": "http://sapl.pacajus.ce.leg.br/media/sapl/public/materialegislativa/2023/58/pl_054-2023.pdf", "ementa": "Concede T\u00edtulo de Cidad\u00e3o Pacajuense para o Sr. Jaques Henrique Gomes da Silva"}, {"id": "59", "ano": "2023", "numero": "55", "tipo__sigla": "PLO", "tipo__descricao": "Projeto de Lei Ordin\u00e1rio", "autoria": "Reginaldo Firmino", "texto_original": "http://sapl.pacajus.ce.leg.br/media/sapl/public/materialegislativa/2023/59/pl_055-2023.pdf", "ementa": "Concede T\u00edtulo de Cidad\u00e3o Pacajuense para a Sra. Emanuele Rafael de Souza Alencar."}, {"id": "14", "ano": "2023", "numero": "5", "tipo__sigla": "PRE", "tipo__descricao": "Projeto de Resolu\u00e7\u00e3o", "autoria": "Cristina Rocha", "texto_original": "http://sapl.pacajus.ce.leg.br/media/sapl/public/materialegislativa/2023/14/projeto_de_resolucao_05.2023.pdf", "ementa": "Estabelece regras para as Elei\u00e7\u00f5es Indiretas que indica e adota outras providencias."}, {"id": "43", "ano": "2023", "numero": "6", "tipo__sigla": "PRE", "tipo__descricao": "Projeto de Resolu\u00e7\u00e3o", "autoria": "Cristina Rocha", "texto_original": "http://sapl.pacajus.ce.leg.br/media/sapl/public/materialegislativa/2023/43/pr_006-2023.pdf", "ementa": "Estabelece regras para as elei\u00e7\u00f5es indiretas que indica e adota outras provid\u00eancias."}, {"id": "37", "ano": "2023", "numero": "145", "tipo__sigla": "IND", "tipo__descricao": "Indica\u00e7\u00e3o", "autoria": "Reginaldo Ben\u00edcio", "texto_original": "http://sapl.pacajus.ce.leg.br/media/", "ementa": "Requer do Pode Executivo a implementa\u00e7\u00e3o do Projeto Cuidar de Todos;"}, {"id": "16", "ano": "2023", "numero": "184", "tipo__sigla": "IND", "tipo__descricao": "Indica\u00e7\u00e3o", "autoria": "Reginaldo Ben\u00edcio", "texto_original": "http://sapl.pacajus.ce.leg.br/media/sapl/public/materialegislativa/2023/16/ind_184_-_2023.pdf", "ementa": "A cria\u00e7\u00e3o do servi\u00e7o de tele-entrega em domic\u00edlio, de medicamentos da CAF (Centro de Abastecimento Farmac\u00eautico) para pacientes acamados do Munic\u00edpio, com extens\u00e3o progressiva para hipertenso e diab\u00e9tico."}, {"id": "17", "ano": "2023", "numero": "185", "tipo__sigla": "IND", "tipo__descricao": "Indica\u00e7\u00e3o", "autoria": "Reginaldo Ben\u00edcio, Eul\u00e1lio Pontes, Ricardo Motos", "texto_original": "http://sapl.pacajus.ce.leg.br/media/sapl/public/materialegislativa/2023/17/ind_185_-_2023.pdf", "ementa": "Requer Pediatra de Plant\u00e3o com atendimento di\u00e1rio no Posto do Centro de Pacajus."}, {"id": "18", "ano": "2023", "numero": "186", "tipo__sigla": "IND", "tipo__descricao": "Indica\u00e7\u00e3o", "autoria": "Eul\u00e1lio Pontes", "texto_original": "http://sapl.pacajus.ce.leg.br/media/sapl/public/materialegislativa/2023/18/ind_186_-_2023.pdf", "ementa": "Cria\u00e7\u00e3o no \u00e2mbito do Munic\u00edpio de Pacajus, o Programa \"Reboque Minha Casa\"."}, {"id": "19", "ano": "2023", "numero": "187", "tipo__sigla": "IND", "tipo__descricao": "Indica\u00e7\u00e3o", "autoria": "Ricardo Motos, Chichico, Cristina Rocha, Erlando Lima, Ronaldo dos Frios", "texto_original": "http://sapl.pacajus.ce.leg.br/media/sapl/public/materialegislativa/2023/19/ind_187_-_2023.pdf", "ementa": "Constru\u00e7\u00e3o da Casa do Idoso, em Pacajus, na forma que indica."}, {"id": "20", "ano": "2023", "numero": "188", "tipo__sigla": "IND", "tipo__descricao": "Indica\u00e7\u00e3o", "autoria": "Ricardo Motos, Cristina Rocha", "texto_original": "http://sapl.pacajus.ce.leg.br/media/sapl/public/materialegislativa/2023/20/ind_188_-_2023.pdf", "ementa": "Constru\u00e7\u00e3o da Casa da Mulher, em Pacajus, na forma que indica."}, {"id": "21", "ano": "2023", "numero": "189", "tipo__sigla": "IND", "tipo__descricao": "Indica\u00e7\u00e3o", "autoria": "Ronielly da Aldeia, Cristina Rocha, Eul\u00e1lio Pontes", "texto_original": "http://sapl.pacajus.ce.leg.br/media/sapl/public/materialegislativa/2023/21/ind_189_-_2023.pdf", "ementa": "Reforma do Posto de Sa\u00fade do bairro Tucum, na forma que indica."}, {"id": "23", "ano": "2023", "numero": "190", "tipo__sigla": "IND", "tipo__descricao": "Indica\u00e7\u00e3o", "autoria": "Reginaldo Ben\u00edcio, Ricardo Motos", "texto_original": "http://sapl.pacajus.ce.leg.br/media/", "ementa": "Requer a cria\u00e7\u00e3o do Servi\u00e7o de tele-entrega em domic\u00edlio, de medicamentos da CAF (Centro de Abastecimento Farmac\u00eautico) para pacientes acamados do Munic\u00edpio, com extens\u00e3o progressiva para hipertenso e diab\u00e9ticos."}, {"id": "24", "ano": "2023", "numero": "191", "tipo__sigla": "IND", "tipo__descricao": "Indica\u00e7\u00e3o", "autoria": "Eudes Freitas, Ricardo Motos", "texto_original": "http://sapl.pacajus.ce.leg.br/media/", "ementa": "Requer que seja instalado uma unidade de VAPT VUPT no munic\u00edpio de Pacajus, no Shopping Viramar."}, {"id": "25", "ano": "2023", "numero": "192", "tipo__sigla": "IND", "tipo__descricao": "Indica\u00e7\u00e3o", "autoria": "Ricardo Motos", "texto_original": "http://sapl.pacajus.ce.leg.br/media/", "ementa": "Requer a compra de 10 carros, para atender as secretarias do nosso Munic\u00edpio."}, {"id": "26", "ano": "2023", "numero": "193", "tipo__sigla": "IND", "tipo__descricao": "Indica\u00e7\u00e3o", "autoria": "Ricardo Motos", "texto_original": "http://sapl.pacajus.ce.leg.br/media/", "ementa": "Requer a compra de 2 grades, 2 ro\u00e7adeiras, 2 carro\u00e7as, para atender a Secretaria de Agricultura do nosso Munic\u00edpio"}, {"id": "27", "ano": "2023", "numero": "194", "tipo__sigla": "IND", "tipo__descricao": "Indica\u00e7\u00e3o", "autoria": "Ronielly da Aldeia", "texto_original": "http://sapl.pacajus.ce.leg.br/media/sapl/public/materialegislativa/2023/27/ind_194-2023.pdf", "ementa": "Requer que o Poder Executivo pague o piso da Enfermagem."}, {"id": "29", "ano": "2023", "numero": "195", "tipo__sigla": "IND", "tipo__descricao": "Indica\u00e7\u00e3o", "autoria": "Reginaldo Ben\u00edcio", "texto_original": "http://sapl.pacajus.ce.leg.br/media/sapl/public/materialegislativa/2023/29/ind_195-2023.pdf", "ementa": "Requer por parte do Poder Executivo Municipal a implementa\u00e7\u00e3o do Projeto Cuidar de Todos, na forma que indica e d\u00e1 outras provid\u00eancias."}, {"id": "31", "ano": "2023", "numero": "196", "tipo__sigla": "IND", "tipo__descricao": "Indica\u00e7\u00e3o", "autoria": "Reginaldo Ben\u00edcio", "texto_original": "http://sapl.pacajus.ce.leg.br/media/sapl/public/materialegislativa/2023/31/ind_196-2023.pdf", "ementa": "Requer por parte do Poder Executivo Municipal a implementa\u00e7\u00e3o do Projeto para homenagear servidores p\u00fablicos municipais no in\u00edcio de sua aposentadoria, na forma que indica."}, {"id": "32", "ano": "2023", "numero": "197", "tipo__sigla": "IND", "tipo__descricao": "Indica\u00e7\u00e3o", "autoria": "Ronielly da Aldeia", "texto_original": "http://sapl.pacajus.ce.leg.br/media/sapl/public/materialegislativa/2023/32/ind_197-2023.pdf", "ementa": "Reque a pavimenta\u00e7\u00e3o asf\u00e1ltica na Rua Jos\u00e9 Ab\u00edlio, que liga os bairros Aldeia e Croat\u00e1 2, na forma que indica."}, {"id": "33", "ano": "2023", "numero": "198", "tipo__sigla": "IND", "tipo__descricao": "Indica\u00e7\u00e3o", "autoria": "Cristina Rocha", "texto_original": "http://sapl.pacajus.ce.leg.br/media/sapl/public/materialegislativa/2023/33/ind_198-2023.pdf", "ementa": "Requer a reforma das paradas de \u00f4nibus, como tamb\u00e9m de todas as paradas de mototaxistas e taxistas, regulamentas no Munic\u00edpio de Pacajus, na forma que indica."}, {"id": "38", "ano": "2023", "numero": "199", "tipo__sigla": "IND", "tipo__descricao": "Indica\u00e7\u00e3o", "autoria": "Eul\u00e1lio Pontes, Ricardo Motos", "texto_original": "http://sapl.pacajus.ce.leg.br/media/", "ementa": "Indica ao Poder Executivo que Proceda incentivo para implanta\u00e7\u00e3o da feira do artesanato e agricultura familiar."}, {"id": "44", "ano": "2023", "numero": "200", "tipo__sigla": "IND", "tipo__descricao": "Indica\u00e7\u00e3o", "autoria": "Rodrigo do Auri, Ricardo Motos", "texto_original": "http://sapl.pacajus.ce.leg.br/media/", "ementa": "Incorpora\u00e7\u00e3o da Gecen (2013), mais a incorpora\u00e7\u00e3o da insalubridade, conforme a PEC 14 que est\u00e1 tramitando no Congresso, que estipula a integridade"}, {"id": "45", "ano": "2023", "numero": "201", "tipo__sigla": "IND", "tipo__descricao": "Indica\u00e7\u00e3o", "autoria": "Cristina Rocha", "texto_original": "http://sapl.pacajus.ce.leg.br/media/", "ementa": "Solicita do Poder Executivo a concess\u00e3o de comodato do espa\u00e7o localizado na rua Jos\u00e9 Leite Carvalho, S/N, bairro Cohab, dentro da possibilidade o desmembramento da \u00e1rea institucional que corresponde a Capela de Nossa Senhora Aparecida."}, {"id": "48", "ano": "2023", "numero": "202", "tipo__sigla": "IND", "tipo__descricao": "Indica\u00e7\u00e3o", "autoria": "Reginaldo Firmino, Erlando Lima, Rhaisa Menezes, Ricardo Motos, Ronielly da Aldeia", "texto_original": "http://sapl.pacajus.ce.leg.br/media/sapl/public/materialegislativa/2023/48/ind_202-2023.pdf", "ementa": "Indica ao Prefeito Municipal o aumento da reg\u00eancia de 15% para 20% dos professores da Rede P\u00fablica Municipal."}, {"id": "52", "ano": "2023", "numero": "203", "tipo__sigla": "IND", "tipo__descricao": "Indica\u00e7\u00e3o", "autoria": "Cristina Rocha, Ricardo Motos, Ronielly da Aldeia", "texto_original": "http://sapl.pacajus.ce.leg.br/media/sapl/public/materialegislativa/2023/52/ind_203-2023.pdf", "ementa": "Indica a cria\u00e7\u00e3o da rede de \u00e1gua atrav\u00e9s da Cagece e rede de ilumina\u00e7\u00e3o p\u00fablica no bairro Planalto da Paz."}, {"id": "53", "ano": "2023", "numero": "204", "tipo__sigla": "IND", "tipo__descricao": "Indica\u00e7\u00e3o", "autoria": "Ricardo Motos", "texto_original": "http://sapl.pacajus.ce.leg.br/media/sapl/public/materialegislativa/2023/53/ind_204-2023.pdf", "ementa": "Indica a constru\u00e7\u00e3o f\u00edsica do chafariz ao lado da escola Alba Laranjeira, no bairro Buriti."}, {"id": "54", "ano": "2023", "numero": "205", "tipo__sigla": "IND", "tipo__descricao": "Indica\u00e7\u00e3o", "autoria": "Ricardo Motos", "texto_original": "http://sapl.pacajus.ce.leg.br/media/sapl/public/materialegislativa/2023/54/ind_205-2023.pdf", "ementa": "Indica a compra de 20 motocicletas para atender \u00e0s demandas de todas as Secretarias."}, {"id": "15", "ano": "2023", "numero": "21", "tipo__sigla": "REQ", "tipo__descricao": "Requerimento", "autoria": "Eul\u00e1lio Pontes", "texto_original": "http://sapl.pacajus.ce.leg.br/media/sapl/public/materialegislativa/2023/15/req_021-2023.pdf", "ementa": "Mo\u00e7\u00e3o de louvor a empresa Vicunha Textil SA, pelos seus 55 anos, em reconhecimento pelos seus servi\u00e7os na cidade de Pacajus, na forma que indica."}, {"id": "41", "ano": "2023", "numero": "5", "tipo__sigla": "PROC", "tipo__descricao": "Processo", "autoria": "Iniciativa Popular", "texto_original": "http://sapl.pacajus.ce.leg.br/media/sapl/public/materialegislativa/2023/41/processo_n._005-2023_denuncia.pdf", "ementa": "Den\u00fancia contra o Prefeito Bruno Pereira Figueiredo, bem como contra o Vice-Prefeito, Francisco Fagner da Costa."}]}