{"headers": {"id": "ID", "ano": "Ano", "numero": "N\u00famero", "tipo__sigla": "Tipo de Mat\u00e9ria Legislativa/Sigla", "tipo__descricao": "Tipo de Mat\u00e9ria Legislativa/Descri\u00e7\u00e3o", "autoria": "Autorias", "texto_original": "Texto Original", "ementa": "Ementa"}, "results": [{"id": "504", "ano": "2025", "numero": "1", "tipo__sigla": "PEL", "tipo__descricao": "Projeto de Emenda \u00e0 LOM", "autoria": "Edilson das Casas", "texto_original": "http://sapl.pacajus.ce.leg.br/media/sapl/public/materialegislativa/2025/504/lom_n01.2025.pdf", "ementa": "Acresce ao Cap\u00edtulo II, da Lei Org\u00e2nica de Pacajus a Se\u00e7\u00e3o III-A, com os artigos 85-A E 85-B, que tratam da Procuradoria Geral do Munic\u00edpio, e d\u00e1 outras provid\u00eancias."}, {"id": "627", "ano": "2025", "numero": "2", "tipo__sigla": "PEL", "tipo__descricao": "Projeto de Emenda \u00e0 LOM", "autoria": "Edilson das Casas", "texto_original": "http://sapl.pacajus.ce.leg.br/media/sapl/public/materialegislativa/2025/627/projeto_de_emenda_a_lom_02_2025_seg_turno.pdf", "ementa": "Altera os arts. 97 e 98 da Lei Org\u00e2nica do Munic\u00edpio de Pacajus, adequando o sistema de Previd\u00eancia Social aos moldes do art. 40 da Constitui\u00e7\u00e3o da Rep\u00fablica de 1988, com reda\u00e7\u00e3o dada pela Emenda Constitucional n. 103, de 12 de dezembro de 2019."}, {"id": "534", "ano": "2025", "numero": "1", "tipo__sigla": "VET", "tipo__descricao": "Veto", "autoria": "Edilson das Casas", "texto_original": "http://sapl.pacajus.ce.leg.br/media/sapl/public/materialegislativa/2025/534/document_20250318_0001-_veto.pdf", "ementa": "Veto total ao Projeto de Lei N\u00ba 43/2025 que \"Altera a o Art.57 da Lei Complementar Municipal N\u00b0 01/2009, que disp\u00f4e sobre o estatuto dos servidores p\u00fablicos da administra\u00e7\u00e3o direta do Munic\u00edpio de Pacajus, e d\u00e1 outras provid\u00eancias."}, {"id": "505", "ano": "2025", "numero": "1", "tipo__sigla": "PLC", "tipo__descricao": "Projeto de Lei Complementar", "autoria": "Edilson das Casas", "texto_original": "http://sapl.pacajus.ce.leg.br/media/sapl/public/materialegislativa/2025/505/plc_n01.2025.pdf", "ementa": "Disp\u00f4e sobre a institui\u00e7\u00e3o da contribui\u00e7\u00e3o para custeio do servi\u00e7o de ilumina\u00e7\u00e3o p\u00fablica (CIP) no munic\u00edpio de Pacajus/Ce e d\u00e1 outras provid\u00eancias."}, {"id": "506", "ano": "2025", "numero": "2", "tipo__sigla": "PLC", "tipo__descricao": "Projeto de Lei Complementar", "autoria": "Edilson das Casas", "texto_original": "http://sapl.pacajus.ce.leg.br/media/sapl/public/materialegislativa/2025/506/projeto_de_lei_complementar_-_plano_diretor.pdf", "ementa": "Modifica a Lei Complementar N\u00b0 04/2019 que alterou a Lei complementar N\u00b0 03/2018, que trata do Plano Diretor do Munic\u00edpio de Pacajus/Ce, e d\u00e1 outras provid\u00eancias."}, {"id": "555", "ano": "2025", "numero": "3", "tipo__sigla": "PLC", "tipo__descricao": "Projeto de Lei Complementar", "autoria": "Edilson das Casas", "texto_original": "http://sapl.pacajus.ce.leg.br/media/sapl/public/materialegislativa/2025/555/projeto_de_lei_complementat_no_03_de_2025.pdf", "ementa": "Autoriza a lota\u00e7\u00e3o especial de servidores efetivos do munic\u00edpio de Pacajus para atua\u00e7\u00e3o no F\u00f3rum da Justi\u00e7a Estadual da Respectiva Comarca, bem como na 1\u00ba e 2\u00ba varas, com \u00f4nus para o Munic\u00edpio."}, {"id": "564", "ano": "2025", "numero": "4", "tipo__sigla": "PLC", "tipo__descricao": "Projeto de Lei Complementar", "autoria": "Edilson das Casas", "texto_original": "http://sapl.pacajus.ce.leg.br/media/sapl/public/materialegislativa/2025/564/plc_004-2025.pdf", "ementa": "Altera a lei complementar n\u00b0 04/2025 que institui a contribui\u00e7\u00e3o para custeio do servi\u00e7o de ilumina\u00e7\u00e3o p\u00fablica (CIP) no munic\u00edpio de Pacajus/Ce e d\u00e1 outras provid\u00eancias"}, {"id": "565", "ano": "2025", "numero": "5", "tipo__sigla": "PLC", "tipo__descricao": "Projeto de Lei Complementar", "autoria": "Edilson das Casas", "texto_original": "http://sapl.pacajus.ce.leg.br/media/sapl/public/materialegislativa/2025/565/plc_005-2025.pdf", "ementa": "Disp\u00f5e sobre a concess\u00e3o de isen\u00e7\u00e3o tribut\u00e1ria municipal a organiza\u00e7\u00f5es sociais e institui\u00e7\u00f5es sem fins lucrativos, estabelecendo crit\u00e9rios para concess\u00e3o, manuten\u00e7\u00e3o e fiscaliza\u00e7\u00e3o do benef\u00edcio."}, {"id": "614", "ano": "2025", "numero": "6", "tipo__sigla": "PLC", "tipo__descricao": "Projeto de Lei Complementar", "autoria": "Edilson das Casas", "texto_original": "http://sapl.pacajus.ce.leg.br/media/sapl/public/materialegislativa/2025/614/projeto_de_lei_complementar_-_altera_o_plano_diretor_do_municipio_-_novo_zoneamento_1.1_ass_02.pdf", "ementa": "Altera a Lei complementar n\u00ba 03/2018 de 05 de novembro de 2018, que trata do Plano Diretor do munic\u00edpio de Pacajus/Ce, e d\u00e1 outras provid\u00eancias."}, {"id": "676", "ano": "2025", "numero": "7", "tipo__sigla": "PLC", "tipo__descricao": "Projeto de Lei Complementar", "autoria": "Edilson das Casas", "texto_original": "http://sapl.pacajus.ce.leg.br/media/sapl/public/materialegislativa/2025/676/mensagem_06_de_2025_-_p_l_complementar_-_compensacao_tributaria.docx", "ementa": "ALTERA O C\u00d3DIGO TRIBUT\u00c1RIO DO MUNIC\u00cdPIO DE PACAJUS, PARA DISPOR SOBRE A COMPENSA\u00c7\u00c3O DE CR\u00c9DITOS TRIBUT\u00c1RIOS, E D\u00c1 OUTRAS PROVID\u00caNCIAS."}, {"id": "694", "ano": "2025", "numero": "8", "tipo__sigla": "PLC", "tipo__descricao": "Projeto de Lei Complementar", "autoria": "Edilson das Casas", "texto_original": "http://sapl.pacajus.ce.leg.br/media/sapl/public/materialegislativa/2025/694/pl_complementar_08_2025_previdencia.docx", "ementa": "Altera a Lei N\u00b0886, de 15 de outubro de 2021, que institui o regime de previd\u00eancia complementar do munic\u00edpio de Pacajus, e d\u00e1 outras provid\u00eancias."}, {"id": "378", "ano": "2025", "numero": "1", "tipo__sigla": "PLO", "tipo__descricao": "Projeto de Lei Ordin\u00e1rio", "autoria": "Reginaldo Firmino", "texto_original": "http://sapl.pacajus.ce.leg.br/media/sapl/public/materialegislativa/2025/378/_pl_001-2025.pdf", "ementa": "Concede t\u00edtulo de cidad\u00e3o pacajuense ao Sr. David Wirley Nobre Freire e d\u00e1 outras provid\u00eancias."}, {"id": "379", "ano": "2025", "numero": "2", "tipo__sigla": "PLO", "tipo__descricao": "Projeto de Lei Ordin\u00e1rio", "autoria": "Reginaldo Firmino", "texto_original": "http://sapl.pacajus.ce.leg.br/media/sapl/public/materialegislativa/2025/379/pl_002-2025.pdf", "ementa": "Concede t\u00edtulo de cidad\u00e3o pacajuense ao Sr. Jos\u00e9 Zairton Gir\u00e3o maia Junior e d\u00e1 outras provid\u00eancias"}, {"id": "470", "ano": "2025", "numero": "3", "tipo__sigla": "PLO", "tipo__descricao": "Projeto de Lei Ordin\u00e1rio", "autoria": "Reginaldo Firmino", "texto_original": "http://sapl.pacajus.ce.leg.br/media/sapl/public/materialegislativa/2025/470/pl_003-2025.pdf", "ementa": "Concede t\u00edtulo de cidad\u00e3o Pacajuense ao Sra Dayany Bittencourt Santil."}, {"id": "355", "ano": "2025", "numero": "4", "tipo__sigla": "PLO", "tipo__descricao": "Projeto de Lei Ordin\u00e1rio", "autoria": "Fabi Carvalho", "texto_original": "http://sapl.pacajus.ce.leg.br/media/sapl/public/materialegislativa/2025/355/pl_004-2025.pdf", "ementa": "Disp\u00f5e sobre a inclus\u00e3o no calend\u00e1rio oficial de eventos da Prefeitura Municipal de Pacajus a caminhada da conscientiza\u00e7\u00e3o sobre o autismo."}, {"id": "400", "ano": "2025", "numero": "5", "tipo__sigla": "PLO", "tipo__descricao": "Projeto de Lei Ordin\u00e1rio", "autoria": "Reginaldo Firmino", "texto_original": "http://sapl.pacajus.ce.leg.br/media/sapl/public/materialegislativa/2025/400/pl_05.2025.pdf", "ementa": "Declara de utilidade p\u00fablica a Associa\u00e7\u00e3o Beneficente Agindo por Pacajus-CE."}, {"id": "402", "ano": "2025", "numero": "6", "tipo__sigla": "PLO", "tipo__descricao": "Projeto de Lei Ordin\u00e1rio", "autoria": "Reginaldo Firmino", "texto_original": "http://sapl.pacajus.ce.leg.br/media/sapl/public/materialegislativa/2025/402/pl_06.2025.pdf", "ementa": "Concede T\u00edtulo de Cidad\u00e3o Pacajuense ao sr. Jos\u00e9 Valdeci de Vasconcelos Filho e d\u00e1 outras provid\u00eancias."}, {"id": "376", "ano": "2025", "numero": "7", "tipo__sigla": "PLO", "tipo__descricao": "Projeto de Lei Ordin\u00e1rio", "autoria": "Poder Executivo", "texto_original": "http://sapl.pacajus.ce.leg.br/media/sapl/public/materialegislativa/2025/376/pl_007-2025.pdf", "ementa": "Estabelece o reajuste do novo sal\u00e1rio-m\u00ednimo para os servidores municipais e da outras provid\u00eancias"}, {"id": "426", "ano": "2025", "numero": "8", "tipo__sigla": "PLO", "tipo__descricao": "Projeto de Lei Ordin\u00e1rio", "autoria": "Reginaldo Firmino", "texto_original": "http://sapl.pacajus.ce.leg.br/media/", "ementa": "Denomina de Pra\u00e7a C\u00edcero Martins da Silva (Careca) a Pra\u00e7a do Paje\u00fa."}, {"id": "380", "ano": "2025", "numero": "9", "tipo__sigla": "PLO", "tipo__descricao": "Projeto de Lei Ordin\u00e1rio", "autoria": "Bruninho Figueiredo, Did\u00e3o, Fabi Carvalho", "texto_original": "http://sapl.pacajus.ce.leg.br/media/sapl/public/materialegislativa/2025/380/pl_009-2025.pdf", "ementa": "Dispo\u0303e sobre a obrigatoriedade da presen\u00e7a de inte\u0301rprete de Libras nas Sesso\u0303es da Ca\u0302mara Municipal de Pacajus e nos eventos oficiais promovidos pelo Governo municipal, e da\u0301 outras provide\u0302ncias."}, {"id": "381", "ano": "2025", "numero": "10", "tipo__sigla": "PLO", "tipo__descricao": "Projeto de Lei Ordin\u00e1rio", "autoria": "Poder Executivo", "texto_original": "http://sapl.pacajus.ce.leg.br/media/", "ementa": "Disp\u00f5e sobre a estrutura administrativa do Poder Executivo do munic\u00edpio de Pacajus/Ce, e d\u00e1 outras provid\u00eancias."}, {"id": "398", "ano": "2025", "numero": "11", "tipo__sigla": "PLO", "tipo__descricao": "Projeto de Lei Ordin\u00e1rio", "autoria": "Mesa Diretora", "texto_original": "http://sapl.pacajus.ce.leg.br/media/sapl/public/materialegislativa/2025/398/pl_012-2025.pdf", "ementa": "Disp\u00f5e acerca do reajuste e/ou majora\u00e7\u00e3o dos vencimentos-base dos servidores p\u00fablicos que indica e d\u00e1 outras provid\u00eancias."}, {"id": "403", "ano": "2025", "numero": "13", "tipo__sigla": "PLO", "tipo__descricao": "Projeto de Lei Ordin\u00e1rio", "autoria": "Did\u00e3o, Fabi Carvalho, Juninho do Gaminha, J\u00fanior Aguiar, Mateus da Itaipaba, Odaliana Alves, Reginaldo Firmino", "texto_original": "http://sapl.pacajus.ce.leg.br/media/sapl/public/materialegislativa/2025/403/pl_13.2025.pdf", "ementa": "Concede T\u00edtulo de Cidad\u00e3o Pacajuense ao sr. Jos\u00e9 Edilson de Carvalho Lima e d\u00e1 outras provid\u00eancias."}, {"id": "405", "ano": "2025", "numero": "14", "tipo__sigla": "PLO", "tipo__descricao": "Projeto de Lei Ordin\u00e1rio", "autoria": "Did\u00e3o, Ant\u00f4nio Guaran\u00e1, Juninho do Gaminha, J\u00fanior Aguiar, Mateus da Itaipaba, Reginaldo Firmino", "texto_original": "http://sapl.pacajus.ce.leg.br/media/sapl/public/materialegislativa/2025/405/pl_14.2025.pdf", "ementa": "Concede T\u00edtulo de Cidad\u00e3 Pacajuense a Sra. Fabiana Castro de Carvalho Lima e d\u00e1 outras provid\u00eancias."}, {"id": "450", "ano": "2025", "numero": "15", "tipo__sigla": "PLO", "tipo__descricao": "Projeto de Lei Ordin\u00e1rio", "autoria": "Did\u00e3o, Juninho do Gaminha, J\u00fanior Aguiar, Reginaldo Firmino", "texto_original": "http://sapl.pacajus.ce.leg.br/media/", "ementa": "Concede t\u00edtulo de cidad\u00e3 pacajuense a Sra. Antoniele Lucas Barbosa e d\u00e1 outras provid\u00eancias"}, {"id": "427", "ano": "2025", "numero": "16", "tipo__sigla": "PLO", "tipo__descricao": "Projeto de Lei Ordin\u00e1rio", "autoria": "Fabi Carvalho", "texto_original": "http://sapl.pacajus.ce.leg.br/media/", "ementa": "Institui a semana de adapta\u00e7\u00e3o para estudantes com defici\u00eancia na rede p\u00fablica municipal de ensino do munic\u00edpio de Pacajus-Ce."}, {"id": "447", "ano": "2025", "numero": "17", "tipo__sigla": "PLO", "tipo__descricao": "Projeto de Lei Ordin\u00e1rio", "autoria": "Mesa Diretora", "texto_original": "http://sapl.pacajus.ce.leg.br/media/sapl/public/materialegislativa/2025/447/projeto_-_mesa_diretora_-_uvc_2025.docx", "ementa": "Autoriza a C\u00e2mara Municipal de Pacajus a associar-se e contribuir mensalmente para a Uni\u00e3o dos Vereadores e C\u00e2maras do Cear\u00e1 \u2013 UVC e d\u00e1 outras provid\u00eancias."}, {"id": "451", "ano": "2025", "numero": "18", "tipo__sigla": "PLO", "tipo__descricao": "Projeto de Lei Ordin\u00e1rio", "autoria": "Reginaldo Firmino", "texto_original": "http://sapl.pacajus.ce.leg.br/media/", "ementa": "Concede t\u00edtulo de cidad\u00e3o pacajuense ao Padre Daniel Morais de Sousa e d\u00e1 outras provid\u00eancias."}, {"id": "452", "ano": "2025", "numero": "19", "tipo__sigla": "PLO", "tipo__descricao": "Projeto de Lei Ordin\u00e1rio", "autoria": "Marcelo Confec\u00e7\u00e3o, Di\u00ea Silva, Mateus da Itaipaba, Odaliana Alves", "texto_original": "http://sapl.pacajus.ce.leg.br/media/", "ementa": "Concede T\u00edtulo de Cidad\u00e3o Pacajuense ao Sr. Jordan Matheus Alves da Silva e d\u00e1 outras provid\u00eancias."}, {"id": "453", "ano": "2025", "numero": "20", "tipo__sigla": "PLO", "tipo__descricao": "Projeto de Lei Ordin\u00e1rio", "autoria": "Marcelo Confec\u00e7\u00e3o, Di\u00ea Silva", "texto_original": "http://sapl.pacajus.ce.leg.br/media/", "ementa": "Concede T\u00edtulo de Cidad\u00e3o Pacajuense ao Sr. Aur\u00e9lio Holanda da Silva Filho e d\u00e1 outras provid\u00eancias."}, {"id": "471", "ano": "2025", "numero": "21", "tipo__sigla": "PLO", "tipo__descricao": "Projeto de Lei Ordin\u00e1rio", "autoria": "Mateus da Itaipaba", "texto_original": "http://sapl.pacajus.ce.leg.br/media/sapl/public/materialegislativa/2025/471/pl_021-2025.pdf", "ementa": "Denomina de Rua Luzia Nogueira de Vasconcelos a estrada que se inicia na Rua Francisco Augusto de Freitas no Bairro Buriti."}, {"id": "455", "ano": "2025", "numero": "23", "tipo__sigla": "PLO", "tipo__descricao": "Projeto de Lei Ordin\u00e1rio", "autoria": "Edilson das Casas", "texto_original": "http://sapl.pacajus.ce.leg.br/media/", "ementa": "Disp\u00f5e sobre o reajuste de 6,27% dos vencimentos do quadro do magist\u00e9rio p\u00fablico municipal, e d\u00e1 outras provid\u00eancias."}, {"id": "464", "ano": "2025", "numero": "24", "tipo__sigla": "PLO", "tipo__descricao": "Projeto de Lei Ordin\u00e1rio", "autoria": "Edilson das Casas", "texto_original": "http://sapl.pacajus.ce.leg.br/media/sapl/public/materialegislativa/2025/464/projeto_de_lei_-_dispoe_sobre_a_estrutura_administrativa_do_poder_executivo_do_municipio_de_pacajus.ce_e_da_outras_providencias.pdf", "ementa": "Disp\u00f5e sobre a estrutura administrativa do Poder Executivo do Munic\u00edpio de Pacajus/CE, e d\u00e1 outras provid\u00eancias."}, {"id": "475", "ano": "2025", "numero": "25", "tipo__sigla": "PLO", "tipo__descricao": "Projeto de Lei Ordin\u00e1rio", "autoria": "Di\u00ea Silva", "texto_original": "http://sapl.pacajus.ce.leg.br/media/sapl/public/materialegislativa/2025/475/pl_025-2025.pdf", "ementa": "Concede t\u00edtulo de cidad\u00e3o Pacajuense a Sra. Erondina Maria de Albuquerque da Silva."}, {"id": "476", "ano": "2025", "numero": "26", "tipo__sigla": "PLO", "tipo__descricao": "Projeto de Lei Ordin\u00e1rio", "autoria": "Marcelo Confec\u00e7\u00e3o", "texto_original": "http://sapl.pacajus.ce.leg.br/media/sapl/public/materialegislativa/2025/476/pl_026-2025.pdf", "ementa": "Concede t\u00edtulo de cidad\u00e3o Pacajuense ao Sr. Rudinei Franco da Silva."}, {"id": "477", "ano": "2025", "numero": "27", "tipo__sigla": "PLO", "tipo__descricao": "Projeto de Lei Ordin\u00e1rio", "autoria": "Marcelo Confec\u00e7\u00e3o", "texto_original": "http://sapl.pacajus.ce.leg.br/media/sapl/public/materialegislativa/2025/477/pl_027-2025.pdf", "ementa": "Concede T\u00edtulo de Cidad\u00e3o Pacajuense ao Sr. Jos\u00e9 Rodrigues."}, {"id": "482", "ano": "2025", "numero": "28", "tipo__sigla": "PLO", "tipo__descricao": "Projeto de Lei Ordin\u00e1rio", "autoria": "Fabi Carvalho", "texto_original": "http://sapl.pacajus.ce.leg.br/media/sapl/public/materialegislativa/2025/482/pl_028-2025.pdf", "ementa": "Institui o ensino da L\u00edngua Brasileira de Sinais - Libras nos programas de forma\u00e7\u00e3o continuada da secretaria municipal de educa\u00e7\u00e3o para profissionais do magist\u00e9rio e demais profissionais da educa\u00e7\u00e3o da rede municipal de ensino de Pacajus."}, {"id": "496", "ano": "2025", "numero": "29", "tipo__sigla": "PLO", "tipo__descricao": "Projeto de Lei Ordin\u00e1rio", "autoria": "Odaliana Alves", "texto_original": "http://sapl.pacajus.ce.leg.br/media/", "ementa": "Denomina a Areninha do Croat\u00e1 II, como Cristiano Queiroz de Aguiar."}, {"id": "497", "ano": "2025", "numero": "30", "tipo__sigla": "PLO", "tipo__descricao": "Projeto de Lei Ordin\u00e1rio", "autoria": "Bruninho Figueiredo", "texto_original": "http://sapl.pacajus.ce.leg.br/media/", "ementa": "Concede o T\u00edtulo de Cidad\u00e3o Pacajuense ao Sr. Gilton de Sousa Maciel de Lima."}, {"id": "498", "ano": "2025", "numero": "31", "tipo__sigla": "PLO", "tipo__descricao": "Projeto de Lei Ordin\u00e1rio", "autoria": "Bruninho Figueiredo", "texto_original": "http://sapl.pacajus.ce.leg.br/media/", "ementa": "Concede o T\u00edtulo de Cidad\u00e3o Pacajuense ao Sr. Ayslan Marques Vieira."}, {"id": "502", "ano": "2025", "numero": "32", "tipo__sigla": "PLO", "tipo__descricao": "Projeto de Lei Ordin\u00e1rio", "autoria": "Edilson das Casas", "texto_original": "http://sapl.pacajus.ce.leg.br/media/sapl/public/materialegislativa/2025/502/pl_n_32.2025.pdf", "ementa": "Revoga a Leis Municipais N\u00b0 1064/2023 e N\u00b0 1068/2023, que determinaram a Segunda-feira e Ter\u00e7a-feira de carnaval como feriado municipal, e institui ponto facultativo no \u00c2mbito do Munic\u00edpio de Pacajus/Ce, e d\u00e1 outros provid\u00eancias."}, {"id": "503", "ano": "2025", "numero": "33", "tipo__sigla": "PLO", "tipo__descricao": "Projeto de Lei Ordin\u00e1rio", "autoria": "Edilson das Casas", "texto_original": "http://sapl.pacajus.ce.leg.br/media/sapl/public/materialegislativa/2025/503/pl_n33.2025.pdf", "ementa": "Altera o Art.6\u00b0 da Lei N\u00b0 1.195/2024, que estima a receita e fixa a despesa do munic\u00edpio de Pacajus para exerc\u00edcio de Financeiro de 2025, e d\u00e1 outras provid\u00eancias."}, {"id": "508", "ano": "2025", "numero": "34", "tipo__sigla": "PLO", "tipo__descricao": "Projeto de Lei Ordin\u00e1rio", "autoria": "Fabi Carvalho", "texto_original": "http://sapl.pacajus.ce.leg.br/media/", "ementa": "Cria o Projeto Iniciativa de Inclus\u00e3o do Autista no Mercado de Trabalho e Institui o Selo Empresa Amiga da Inclus\u00e3o no Munic\u00edpio de Pacajus."}, {"id": "510", "ano": "2025", "numero": "35", "tipo__sigla": "PLO", "tipo__descricao": "Projeto de Lei Ordin\u00e1rio", "autoria": "Juninho do Gaminha", "texto_original": "http://sapl.pacajus.ce.leg.br/media/", "ementa": "Concede T\u00edtulo de Cidad\u00e3o ao Sr. Gutemberg Patricio Campos."}, {"id": "512", "ano": "2025", "numero": "36", "tipo__sigla": "PLO", "tipo__descricao": "Projeto de Lei Ordin\u00e1rio", "autoria": "Did\u00e3o, Juninho do Gaminha", "texto_original": "http://sapl.pacajus.ce.leg.br/media/", "ementa": "Concede T\u00edtulo de Cidad\u00e3o Pacajuense ao Sr. Reginaldo Firmino Bento."}, {"id": "515", "ano": "2025", "numero": "37", "tipo__sigla": "PLO", "tipo__descricao": "Projeto de Lei Ordin\u00e1rio", "autoria": "Fabi Carvalho", "texto_original": "http://sapl.pacajus.ce.leg.br/media/", "ementa": "Institui o Plano de Incentivo ao Empreendedorismo Feminino no Munic\u00edpio de Pacajus e d\u00e1 outras provid\u00eancias."}, {"id": "517", "ano": "2025", "numero": "38", "tipo__sigla": "PLO", "tipo__descricao": "Projeto de Lei Ordin\u00e1rio", "autoria": "Edilson das Casas", "texto_original": "http://sapl.pacajus.ce.leg.br/media/", "ementa": "Revoga a Lei N\u00ba1217, de 11 de Dezembro de 2024, que alterou o nome do Bairro Paje\u00fa para L\u00facio Fl\u00e1vio de Menezes, e d\u00e1 outras provid\u00eancias."}, {"id": "518", "ano": "2025", "numero": "39", "tipo__sigla": "PLO", "tipo__descricao": "Projeto de Lei Ordin\u00e1rio", "autoria": "Ant\u00f4nio Guaran\u00e1", "texto_original": "http://sapl.pacajus.ce.leg.br/media/", "ementa": "Concede o T\u00edtulo de Cidad\u00e3o para o Sr. Jos\u00e9 Silva de Oliveira."}, {"id": "519", "ano": "2025", "numero": "40", "tipo__sigla": "PLO", "tipo__descricao": "Projeto de Lei Ordin\u00e1rio", "autoria": "J\u00fanior Aguiar", "texto_original": "http://sapl.pacajus.ce.leg.br/media/", "ementa": "Concede T\u00edtulo de Cidad\u00e3o Pacajuense ao Sr. Rafael Domingos Costa."}, {"id": "520", "ano": "2025", "numero": "41", "tipo__sigla": "PLO", "tipo__descricao": "Projeto de Lei Ordin\u00e1rio", "autoria": "Ronaldo dos Frios", "texto_original": "http://sapl.pacajus.ce.leg.br/media/", "ementa": "Concede o T\u00edtulo de Cidad\u00e3o ao Sr. Francisco Tiago Maia Silva."}, {"id": "523", "ano": "2025", "numero": "42", "tipo__sigla": "PLO", "tipo__descricao": "Projeto de Lei Ordin\u00e1rio", "autoria": "J\u00fanior Aguiar", "texto_original": "http://sapl.pacajus.ce.leg.br/media/", "ementa": "Concede o T\u00edtulo de Cidad\u00e3o Pacajuense a Sra. Maria Jennyffer Silva Sousa."}, {"id": "526", "ano": "2025", "numero": "43", "tipo__sigla": "PLO", "tipo__descricao": "Projeto de Lei Ordin\u00e1rio", "autoria": "Edilson das Casas", "texto_original": "http://sapl.pacajus.ce.leg.br/media/", "ementa": "Altera o Art. 57 da Lei Complementar N\u00ba 01/2009, que disp\u00f4e sobre o Estatuto dos Servidores P\u00fablicos da Administra\u00e7\u00e3o Direta do Munic\u00edpio de Pacajus, e d\u00e1 outras Provid\u00eancias."}, {"id": "527", "ano": "2025", "numero": "44", "tipo__sigla": "PLO", "tipo__descricao": "Projeto de Lei Ordin\u00e1rio", "autoria": "Edilson das Casas", "texto_original": "http://sapl.pacajus.ce.leg.br/media/", "ementa": "Revoga a Lei N\u00ba 1062/2023, De 23 de Janeiro de 2023, e Institui o Programa de Recupera\u00e7\u00e3o de Cr\u00e9ditos da Fazenda P\u00fablica Municipal de Pacajus - REFIS 2025, e d\u00e1 outras provid\u00eancias."}, {"id": "528", "ano": "2025", "numero": "45", "tipo__sigla": "PLO", "tipo__descricao": "Projeto de Lei Ordin\u00e1rio", "autoria": "Edilson das Casas", "texto_original": "http://sapl.pacajus.ce.leg.br/media/", "ementa": "Revoga a Lei N\u00ba 885/2021 de 13 de Outubro de 2021 e Institui o Programa Municipal de Incentivo ao Esporte \"Pacajus Terra de Campe\u00f5es\" e d\u00e1 outras provid\u00eancias."}, {"id": "532", "ano": "2025", "numero": "46", "tipo__sigla": "PLO", "tipo__descricao": "Projeto de Lei Ordin\u00e1rio", "autoria": "Odaliana Alves", "texto_original": "http://sapl.pacajus.ce.leg.br/media/", "ementa": "Requer o titulo de cidad\u00e3o para a Sra Alzira Abreu de Oliveira"}, {"id": "533", "ano": "2025", "numero": "47", "tipo__sigla": "PLO", "tipo__descricao": "Projeto de Lei Ordin\u00e1rio", "autoria": "Ant\u00f4nio Guaran\u00e1", "texto_original": "http://sapl.pacajus.ce.leg.br/media/", "ementa": "Requer T\u00edtulo de Cidad\u00e3o Pacajuense para o Sr. Raimundo Nonato Guerra Costa."}, {"id": "536", "ano": "2025", "numero": "48", "tipo__sigla": "PLO", "tipo__descricao": "Projeto de Lei Ordin\u00e1rio", "autoria": "Evilazio da Luz", "texto_original": "http://sapl.pacajus.ce.leg.br/media/", "ementa": "Denomina as Ruas da Localidade de Umari e d\u00e1 outras provid\u00eancias."}, {"id": "540", "ano": "2025", "numero": "49", "tipo__sigla": "PLO", "tipo__descricao": "Projeto de Lei Ordin\u00e1rio", "autoria": "Fabi Carvalho", "texto_original": "http://sapl.pacajus.ce.leg.br/media/", "ementa": "Concede T\u00edtulo de Cidad\u00e3o Pacajuense ao Sr. Marcos Gabriel de Oliveira Freitas."}, {"id": "546", "ano": "2025", "numero": "50", "tipo__sigla": "PLO", "tipo__descricao": "Projeto de Lei Ordin\u00e1rio", "autoria": "Mateus da Itaipaba", "texto_original": "http://sapl.pacajus.ce.leg.br/media/", "ementa": "Denomina Rua: Francisco Lopes de Lima, iniciando na CE-253 e finalizando na Rua Manoel Conrado Filho, na Localidade de Tirica."}, {"id": "551", "ano": "2025", "numero": "51", "tipo__sigla": "PLO", "tipo__descricao": "Projeto de Lei Ordin\u00e1rio", "autoria": "Ant\u00f4nio Guaran\u00e1", "texto_original": "http://sapl.pacajus.ce.leg.br/media/", "ementa": "Concede T\u00edtulo de Cidad\u00e3o Pacajuense ao Sr. Yuri Anderson da Silva Coutinho."}, {"id": "560", "ano": "2025", "numero": "52", "tipo__sigla": "PLO", "tipo__descricao": "Projeto de Lei Ordin\u00e1rio", "autoria": "Edilson das Casas", "texto_original": "http://sapl.pacajus.ce.leg.br/media/sapl/public/materialegislativa/2025/560/plo_no_52.2025.pdf", "ementa": "Disp\u00f4e sobre a concess\u00e3o de patroc\u00ednio \u00e1 Associa\u00e7\u00e3o dos Vaqueiros das Cavalgadas de Pacajus - AVCPVC, com a finalidade de fomentar a realiza\u00e7\u00e3o de evento cultural, a ser realizado no dia 18 de maio de 2025, nesta municipalidade, e d\u00e1 outras provid\u00eancias."}, {"id": "561", "ano": "2025", "numero": "53", "tipo__sigla": "PLO", "tipo__descricao": "Projeto de Lei Ordin\u00e1rio", "autoria": "Edilson das Casas", "texto_original": "http://sapl.pacajus.ce.leg.br/media/sapl/public/materialegislativa/2025/561/pl0_no_53.2025.pdf", "ementa": "Autoriza o poder executivo municipal a firmar conv\u00eanio com a Escolinha de Ciclismo do Estado do Cear\u00e1 visando ao apoio financeiro para a realiza\u00e7\u00e3o da 43\u00ba Tradicional Corrida Cicl\u00edstica do Trabalhador, e d\u00e1 outras provid\u00eancias."}, {"id": "562", "ano": "2025", "numero": "54", "tipo__sigla": "PLO", "tipo__descricao": "Projeto de Lei Ordin\u00e1rio", "autoria": "Edilson das Casas", "texto_original": "http://sapl.pacajus.ce.leg.br/media/sapl/public/materialegislativa/2025/562/lei_no_54.2025.pdf", "ementa": "Altera a Lei Municipal N\u00ba 601, de 04 de Dezembro de 2018, que disp\u00f4e sobre a cria\u00e7\u00e3o do Conselho Municipal de Turismo - COMTUR, e d\u00e1 outras provid\u00eancias."}, {"id": "563", "ano": "2025", "numero": "55", "tipo__sigla": "PLO", "tipo__descricao": "Projeto de Lei Ordin\u00e1rio", "autoria": "Edilson das Casas", "texto_original": "http://sapl.pacajus.ce.leg.br/media/sapl/public/materialegislativa/2025/563/projeto_de_lei_-_lei_de_diretrizes_orcamentarias_ldo_2026.pdf", "ementa": "Disp\u00f4e sobre as diretrizes para a elabora\u00e7\u00e3o da Lei Or\u00e7ament\u00e1ria para o exerc\u00edcio de 2026, e d\u00e1 outras provid\u00eancias."}, {"id": "571", "ano": "2025", "numero": "56", "tipo__sigla": "PLO", "tipo__descricao": "Projeto de Lei Ordin\u00e1rio", "autoria": "Marcelo Confec\u00e7\u00e3o", "texto_original": "http://sapl.pacajus.ce.leg.br/media/", "ementa": "Concede  t\u00edtulo de cidad\u00e3 a Maria Let\u00edcia Domingos Francelino"}, {"id": "574", "ano": "2025", "numero": "57", "tipo__sigla": "PLO", "tipo__descricao": "Projeto de Lei Ordin\u00e1rio", "autoria": "Mateus da Itaipaba", "texto_original": "http://sapl.pacajus.ce.leg.br/media/", "ementa": "Denomina de Escola Jos\u00e9 Mateus Barroso, a escola que fica localizada na Rua Amilton Nogueira de Castro no Distrito de Itaipaba, zona rural do Munic\u00edpio de Pacajus-Ce."}, {"id": "576", "ano": "2025", "numero": "58", "tipo__sigla": "PLO", "tipo__descricao": "Projeto de Lei Ordin\u00e1rio", "autoria": "Edilson das Casas", "texto_original": "http://sapl.pacajus.ce.leg.br/media/sapl/public/materialegislativa/2025/576/projeto_de_lei_-_institui_o_programa_assinado_02.pdf", "ementa": "Institui o Programa \"Construindo Saberes na Terra do Caju\" e estabelece regras para a concess\u00e3o de bolsas de incentivo educacional e d\u00e1 outras provid\u00eancias."}, {"id": "578", "ano": "2025", "numero": "59", "tipo__sigla": "PLO", "tipo__descricao": "Projeto de Lei Ordin\u00e1rio", "autoria": "Ronaldo dos Frios", "texto_original": "http://sapl.pacajus.ce.leg.br/media/", "ementa": "Denomina de Rua do Fogueteiro a rua que j\u00e1 \u00e9 conhecida por esse nome, localizada no Bairro Buriti dos Esmeros."}, {"id": "583", "ano": "2025", "numero": "60", "tipo__sigla": "PLO", "tipo__descricao": "Projeto de Lei Ordin\u00e1rio", "autoria": "Edilson das Casas", "texto_original": "http://sapl.pacajus.ce.leg.br/media/sapl/public/materialegislativa/2025/583/projeto_de_lei_-_gratificacao_tributaria.pdf", "ementa": "Altera a Lei Municipal N\u00ba 405, de 20 de Outubro de 2015, que disp\u00f4e sobre a gratifica\u00e7\u00e3o de atividade tribut\u00e1ria aos servidores da administra\u00e7\u00e3o tribut\u00e1ria do Munic\u00edpio de Pacajus, e d\u00e1 outras provid\u00eancias."}, {"id": "584", "ano": "2025", "numero": "61", "tipo__sigla": "PLO", "tipo__descricao": "Projeto de Lei Ordin\u00e1rio", "autoria": "Edilson das Casas", "texto_original": "http://sapl.pacajus.ce.leg.br/media/sapl/public/materialegislativa/2025/584/projeto_de_lei_-_reposicao_salarial_dos_fiscais_de_tributos.pdf", "ementa": "Disp\u00f4e sobre a Reposi\u00e7\u00e3o Salarial dos Servidores P\u00fablicos Efetivos Ativos ocupantes da Fun\u00e7\u00e3o de Fiscal de Tributos municipais da Secret\u00e1ria Municipal de Administra\u00e7\u00e3o e Finan\u00e7as do Munic\u00edpio de Pacajus, e d\u00e1 outras provid\u00eancias."}, {"id": "589", "ano": "2025", "numero": "62", "tipo__sigla": "PLO", "tipo__descricao": "Projeto de Lei Ordin\u00e1rio", "autoria": "J\u00fanior Aguiar", "texto_original": "http://sapl.pacajus.ce.leg.br/media/", "ementa": "Denomina de Rua Leonardo Batista de Lima a Rua conhecida por \"Rua Beija Flor\", que se inicia na Rua Monte Mor e finaliza na Av. Beira A\u00e7ude."}, {"id": "600", "ano": "2025", "numero": "63", "tipo__sigla": "PLO", "tipo__descricao": "Projeto de Lei Ordin\u00e1rio", "autoria": "Di\u00ea Silva", "texto_original": "http://sapl.pacajus.ce.leg.br/media/", "ementa": "Concede t\u00edtulo de cidad\u00e3o ao Sr. Jos\u00e9 Gomes de Lima."}, {"id": "601", "ano": "2025", "numero": "64", "tipo__sigla": "PLO", "tipo__descricao": "Projeto de Lei Ordin\u00e1rio", "autoria": "Mesa Diretora", "texto_original": "http://sapl.pacajus.ce.leg.br/media/", "ementa": "Institui o programa \u201cVereador mirim\u201d no \u00e2mbito do Munic\u00edpio de Pacajus e d\u00e1 outras provid\u00eancias."}, {"id": "611", "ano": "2025", "numero": "65", "tipo__sigla": "PLO", "tipo__descricao": "Projeto de Lei Ordin\u00e1rio", "autoria": "Edilson das Casas", "texto_original": "http://sapl.pacajus.ce.leg.br/media/sapl/public/materialegislativa/2025/611/plo_65_2025.pdf", "ementa": "Institui o Plano Municipal do Livro, Leitura, Literatura e Biblioteca (PMLLLB) de Pacajus, com o fim de assegurar a todos o acesso ao livro, \u00e0 leitura e \u00e0 literatura, e d\u00e1 outras provid\u00eancias."}, {"id": "612", "ano": "2025", "numero": "66", "tipo__sigla": "PLO", "tipo__descricao": "Projeto de Lei Ordin\u00e1rio", "autoria": "Edilson das Casas", "texto_original": "http://sapl.pacajus.ce.leg.br/media/sapl/public/materialegislativa/2025/612/plo_66_2025.pdf", "ementa": "Revoga a Lei Municipal N\u00ba 1.207, de 27 de Novembro de 2024, que autorizou a aliena\u00e7\u00e3o, mediante doa\u00e7\u00e3o, de bem p\u00fablico \u00e0 empresa ALECON- Loca\u00e7\u00e3o, constru\u00e7\u00e3o, manuten\u00e7\u00e3o e com\u00e9rcio ltda., e d\u00e1 outras provid\u00eancias."}, {"id": "621", "ano": "2025", "numero": "67", "tipo__sigla": "PLO", "tipo__descricao": "Projeto de Lei Ordin\u00e1rio", "autoria": "Did\u00e3o, Juninho do Gaminha, Reginaldo Firmino", "texto_original": "http://sapl.pacajus.ce.leg.br/media/", "ementa": "Concede t\u00edtulo de cidad\u00e3o Pacajuense ao Sr. Carlos Eduardo Maciel Pereira."}, {"id": "623", "ano": "2025", "numero": "68", "tipo__sigla": "PLO", "tipo__descricao": "Projeto de Lei Ordin\u00e1rio", "autoria": "Eudes Freitas", "texto_original": "http://sapl.pacajus.ce.leg.br/media/", "ementa": "Denomina de Pedro Braga, a Rua atualmente, via que se inicia ao Oeste na Rua Marta Sales, no sentido Oeste/Leste com 60,00m, at\u00e9 se limitar ao Leste com a Rua 13 de Agosto."}, {"id": "625", "ano": "2025", "numero": "69", "tipo__sigla": "PLO", "tipo__descricao": "Projeto de Lei Ordin\u00e1rio", "autoria": "Did\u00e3o, Juninho do Gaminha, Reginaldo Firmino", "texto_original": "http://sapl.pacajus.ce.leg.br/media/", "ementa": "Concede t\u00edtulo de cidad\u00e3o Pacajuense ao Sr. Jos\u00e9 Hamilton Chagas Saldanha."}, {"id": "626", "ano": "2025", "numero": "70", "tipo__sigla": "PLO", "tipo__descricao": "Projeto de Lei Ordin\u00e1rio", "autoria": "Reginaldo Firmino", "texto_original": "http://sapl.pacajus.ce.leg.br/media/", "ementa": "Concede t\u00edtulo de cidad\u00e3o Pacajuense a Sra. Jade Afonso Romero."}, {"id": "629", "ano": "2025", "numero": "71", "tipo__sigla": "PLO", "tipo__descricao": "Projeto de Lei Ordin\u00e1rio", "autoria": "Edilson das Casas", "texto_original": "http://sapl.pacajus.ce.leg.br/media/sapl/public/materialegislativa/2025/629/copia_de_projeto_de_lei_bolsa_regente_-_educacao.pdf", "ementa": "Institui o Programa \u201cMARCHANDO COM ARTE NO VALE DO CAJU\u201d, no \u00e2mbito do Munic\u00edpio de Pacajus/CE, estabelece regras para a concess\u00e3o de Bolsa de incentivo Educacional a regentes de banda e da outras provid\u00eancias."}, {"id": "630", "ano": "2025", "numero": "72", "tipo__sigla": "PLO", "tipo__descricao": "Projeto de Lei Ordin\u00e1rio", "autoria": "Did\u00e3o, J\u00fanior Aguiar", "texto_original": "http://sapl.pacajus.ce.leg.br/media/", "ementa": "Disp\u00f5e sobre a obrigatoriedade do canto dos Hinos Nacional Brasileiro, do Estado do Cear\u00e1 e do Munic\u00edpio de Pacajus em todas as escolas, p\u00fablicas e privadas, com sede em Pacajus."}, {"id": "632", "ano": "2025", "numero": "73", "tipo__sigla": "PLO", "tipo__descricao": "Projeto de Lei Ordin\u00e1rio", "autoria": "J\u00fanior Aguiar, Fabi Carvalho", "texto_original": "http://sapl.pacajus.ce.leg.br/media/", "ementa": "Denomina de Dalva Queiroz de Carvalho a Escola de Tempo Integral localizada na Rua Tabeli\u00e3o Jos\u00e9 Gama Filho, 733, Centro, no Munic\u00edpio de Pacajus, Cear\u00e1"}, {"id": "633", "ano": "2025", "numero": "74", "tipo__sigla": "PLO", "tipo__descricao": "Projeto de Lei Ordin\u00e1rio", "autoria": "Marcelo Confec\u00e7\u00e3o", "texto_original": "http://sapl.pacajus.ce.leg.br/media/", "ementa": "Denomina a pra\u00e7a poliesportiva que estar sendo constru\u00edda, no bairro Croat\u00e1 II como Cristiano Queiroz de Aguiar."}, {"id": "634", "ano": "2025", "numero": "75", "tipo__sigla": "PLO", "tipo__descricao": "Projeto de Lei Ordin\u00e1rio", "autoria": "Mateus da Itaipaba", "texto_original": "http://sapl.pacajus.ce.leg.br/media/", "ementa": "Denomina por Ant\u00f4nio Torres Maia, conhecido por Tot\u00f3 Torres, o Complexo Poliesportivo Educascional da Paulic\u00e9ia."}, {"id": "637", "ano": "2025", "numero": "76", "tipo__sigla": "PLO", "tipo__descricao": "Projeto de Lei Ordin\u00e1rio", "autoria": "Edilson das Casas", "texto_original": "http://sapl.pacajus.ce.leg.br/media/sapl/public/materialegislativa/2025/637/pl_76_2025_executivo.docx", "ementa": "ALTERA A LEI MUNICIPAL N\u00b0 1.190, DE 25 DE OUTUBRO DE 2024, QUE ESTABELECE DIRETRIZES E PROCEDIMENTOS PARA APLICA\u00c7\u00c3O DA COMPENSA\u00c7\u00c3O AMBIENTAL DE EMPREENDIMENTOS CONSIDERADOS DE RELEVANTE IMPACTO AMBIENTAL, E D\u00c1 OUTRAS PROVID\u00caNCIAS."}, {"id": "638", "ano": "2025", "numero": "77", "tipo__sigla": "PLO", "tipo__descricao": "Projeto de Lei Ordin\u00e1rio", "autoria": "Edilson das Casas", "texto_original": "http://sapl.pacajus.ce.leg.br/media/sapl/public/materialegislativa/2025/638/pl_77_2025_executivo.docx", "ementa": "DISP\u00d5E SOBRE O PROVIMENTO DOS CARGOS DE GESTORES ESCOLARES NAS UNIDADES DE ENSINO DA REDE P\u00daBLICA MUNICIPAL DE PACAJUS/CE, NOS TERMOS DO ART. 14, \u00a71\u00b0, INCISO I, DA LEI FEDERAL N\u00b0 14.113/2020, E D\u00c1 OUTRAS PROVID\u00caNCIAS."}, {"id": "639", "ano": "2025", "numero": "78", "tipo__sigla": "PLO", "tipo__descricao": "Projeto de Lei Ordin\u00e1rio", "autoria": "Edilson das Casas", "texto_original": "http://sapl.pacajus.ce.leg.br/media/sapl/public/materialegislativa/2025/639/pl_78_2025_executivo.docx", "ementa": "ALTERA OS ANEXOS I,II E III DA LEI MUNICIPAL N\u00b0 1.031, DE 01 DE AGOSTO DE 2022, QUE DISP\u00d5E SOBRE A UNIFICA\u00c7\u00c3O E REESTRUTURA\u00c7\u00c3O DO QUADRO PERMANENTE DE PESSOAL DOS SERVIDORES EFETIVOS DO PODER EXECUTIVO DO MUNIC\u00cdPIO DE PACAJUS-CE, PARA INCLUIR NOVOS CARGOS P\u00daBLICOS EFETIVOS, E ADOTA OUTRAS PROVID\u00caNCIAS."}, {"id": "641", "ano": "2025", "numero": "79", "tipo__sigla": "PLO", "tipo__descricao": "Projeto de Lei Ordin\u00e1rio", "autoria": "Edilson das Casas", "texto_original": "http://sapl.pacajus.ce.leg.br/media/sapl/public/materialegislativa/2025/641/pl_79_2025_executivo.docx", "ementa": "DISP\u00d5E SOBRE O REGIME PR\u00d3PRIO DE PREVID\u00caNCIA SOCIAL DOS SERVIDORES P\u00daBLICOS DO MUNIC\u00cdPIO DE PACAJUS EM CONFORMIDADE COM A EMENDA CONSTITUCIONAL N\u00b0 103, DE 12 DE NOVEMBRO DE 2019, E DEMAIS NORMAS FEDERAIS APLIC\u00c1VEIS REVOGANDO INTEGRALMENTE AS LEIS MUNICIPAIS N\u00b0 28, DE 08 DE JUNHO DE 2009, E A LEI MUNICIPAL N\u00b0803 DE 05 DE JANEIRO DE 2021, N\u00b0 377 DE 09 DE MAR\u00c7O DE 2015 E D\u00c1 OUTRAS PROVID\u00caNCIAS."}, {"id": "644", "ano": "2025", "numero": "80", "tipo__sigla": "PLO", "tipo__descricao": "Projeto de Lei Ordin\u00e1rio", "autoria": "Reginaldo Firmino", "texto_original": "http://sapl.pacajus.ce.leg.br/media/", "ementa": "Concede t\u00edtulo de cidad\u00e3o Pacajuense ao Sr. Francisco Osmar Di\u00f3genes Baquit e d\u00e1 outras provid\u00eancias."}, {"id": "645", "ano": "2025", "numero": "81", "tipo__sigla": "PLO", "tipo__descricao": "Projeto de Lei Ordin\u00e1rio", "autoria": "Reginaldo Firmino, Fabi Carvalho, Marcelo Confec\u00e7\u00e3o, Mateus da Itaipaba", "texto_original": "http://sapl.pacajus.ce.leg.br/media/", "ementa": "Concede T\u00edtulo de Cidad\u00e3 Pacajuense a Sra. Eugenilce Freitas Pontes e d\u00e1 outras provid\u00eancias."}, {"id": "648", "ano": "2025", "numero": "82", "tipo__sigla": "PLO", "tipo__descricao": "Projeto de Lei Ordin\u00e1rio", "autoria": "Ronaldo dos Frios", "texto_original": "http://sapl.pacajus.ce.leg.br/media/", "ementa": "Concede t\u00edtulo Cidad\u00e3o Pacajuense  ao Sr. Madison Saturnino Matos e da outras provid\u00eancias."}, {"id": "651", "ano": "2025", "numero": "83", "tipo__sigla": "PLO", "tipo__descricao": "Projeto de Lei Ordin\u00e1rio", "autoria": "J\u00fanior Aguiar, Reginaldo Firmino", "texto_original": "http://sapl.pacajus.ce.leg.br/media/", "ementa": "Concede T\u00edtulo de Cidad\u00e3o Honor\u00e1rio da cidade de Pacajus ao Sr. Roberto Soares Pessoa."}, {"id": "655", "ano": "2025", "numero": "84", "tipo__sigla": "PLO", "tipo__descricao": "Projeto de Lei Ordin\u00e1rio", "autoria": "Ronaldo dos Frios, Ant\u00f4nio Guaran\u00e1", "texto_original": "http://sapl.pacajus.ce.leg.br/media/", "ementa": "Concede t\u00edtulo de cidad\u00e3o Pacajuense o SR. Deleon de Lima Hurtado e das outras provid\u00eancia"}, {"id": "660", "ano": "2025", "numero": "85", "tipo__sigla": "PLO", "tipo__descricao": "Projeto de Lei Ordin\u00e1rio", "autoria": "Edilson das Casas", "texto_original": "http://sapl.pacajus.ce.leg.br/media/sapl/public/materialegislativa/2025/660/projeto_de_lei_-_arborizacao.docx", "ementa": "DISP\u00d5E SOBRE A POL\u00cdTICA MUNICIPAL DE ARBORIZA\u00c7\u00c3O URBANA DE PACAJUS, ESTADO DO CEAR\u00c1, E D\u00c1 OUTRAS PROVID\u00caNCIAS."}, {"id": "661", "ano": "2025", "numero": "86", "tipo__sigla": "PLO", "tipo__descricao": "Projeto de Lei Ordin\u00e1rio", "autoria": "Edilson das Casas", "texto_original": "http://sapl.pacajus.ce.leg.br/media/sapl/public/materialegislativa/2025/661/pl_-_reajuste_procurador_efetivo.docx", "ementa": "Disp\u00f5e sobre o reajuste do vencimento-base do cargo p\u00fablico que indica e d\u00e1 outras provid\u00eancias."}, {"id": "666", "ano": "2025", "numero": "87", "tipo__sigla": "PLO", "tipo__descricao": "Projeto de Lei Ordin\u00e1rio", "autoria": "Edilson das Casas", "texto_original": "http://sapl.pacajus.ce.leg.br/media/sapl/public/materialegislativa/2025/666/projeto_de_lei_-_sme_-_pagamento_unidade_2.docx", "ementa": "INSTITUI O PROGRAMA DE APOIO FINANCEIRO \u00c0S ESCOLAS MUNICIPAIS DE PACAJUS \u2013 PAFEM, E D\u00c1 OUTRAS PROVID\u00caNCIAS"}, {"id": "668", "ano": "2025", "numero": "88", "tipo__sigla": "PLO", "tipo__descricao": "Projeto de Lei Ordin\u00e1rio", "autoria": "Edilson das Casas", "texto_original": "http://sapl.pacajus.ce.leg.br/media/sapl/public/materialegislativa/2025/668/projeto_de_lei_de_doacao_de_terreno_1.docx", "ementa": "DISP\u00d5E SOBRE A DOA\u00c7\u00c3O DE IM\u00d3VEL DE PROPRIEDADE DO MUNIC\u00cdPIO DE PACAJUS AO ESTADO DO CEAR\u00c1 E D\u00c1 OUTRAS PROVID\u00caNCIAS."}, {"id": "669", "ano": "2025", "numero": "89", "tipo__sigla": "PLO", "tipo__descricao": "Projeto de Lei Ordin\u00e1rio", "autoria": "Edilson das Casas", "texto_original": "http://sapl.pacajus.ce.leg.br/media/sapl/public/materialegislativa/2025/669/projeto_de_lei_-_compensacao_tributaria_1.docx", "ementa": "ALTERA O C\u00d3DIGO TRIBUT\u00c1RIO DO MUNIC\u00cdPIO DE PACAJUS, PARA DISPOR SOBRE A COMPENSA\u00c7\u00c3O DE CR\u00c9DITOS TRIBUT\u00c1RIOS E D\u00c1 OUTRAS PROVID\u00caNCIAS."}, {"id": "670", "ano": "2025", "numero": "90", "tipo__sigla": "PLO", "tipo__descricao": "Projeto de Lei Ordin\u00e1rio", "autoria": "Reginaldo Firmino", "texto_original": "http://sapl.pacajus.ce.leg.br/media/", "ementa": "Concede t\u00edtulo de Cidad\u00e3o Pacajuense ao Sr.  Dannyel Nayran Soares Barreto."}, {"id": "675", "ano": "2025", "numero": "91", "tipo__sigla": "PLO", "tipo__descricao": "Projeto de Lei Ordin\u00e1rio", "autoria": "Edilson das Casas", "texto_original": "http://sapl.pacajus.ce.leg.br/media/sapl/public/materialegislativa/2025/675/mensagem_29_de_2025_-_projeto_de_lei_estrutura_adm_-_coordenacao_bem_estar_animal_1.docx", "ementa": "ALTERA A LEI N\u00b01.244, DE 14 DE FEVEREIRO DE 2025, QUE DISP\u00d5E SOBRE A ESTRUTURA ADMINISTRATIVA DO PODER EXECUTIVO DO MUNIC\u00cdPIO DE PACAJUS, PARA CRIAR O CARGO DE COORDENA\u00c7\u00c3O DE BEM-ESTAR ANIMAL, E D\u00c1 OUTRAS PROVID\u00caNCIAS."}, {"id": "678", "ano": "2025", "numero": "92", "tipo__sigla": "PLO", "tipo__descricao": "Projeto de Lei Ordin\u00e1rio", "autoria": "J\u00fanior Aguiar", "texto_original": "http://sapl.pacajus.ce.leg.br/media/", "ementa": "Denomina de Avenida Josias Pereira de Azevedo a Avenida Beira a\u00e7ude."}, {"id": "679", "ano": "2025", "numero": "93", "tipo__sigla": "PLO", "tipo__descricao": "Projeto de Lei Ordin\u00e1rio", "autoria": "Edilson das Casas", "texto_original": "http://sapl.pacajus.ce.leg.br/media/sapl/public/materialegislativa/2025/679/pl_93_2025_ppa.pdf", "ementa": "Disp\u00f5e sobre o plano plurianual de governo do munic\u00edpio de Pacajus, para o quadri\u00eanio 2026-2029."}, {"id": "684", "ano": "2025", "numero": "94", "tipo__sigla": "PLO", "tipo__descricao": "Projeto de Lei Ordin\u00e1rio", "autoria": "Marcelo Confec\u00e7\u00e3o", "texto_original": "http://sapl.pacajus.ce.leg.br/media/", "ementa": "Concede T\u00edtulo de Cidad\u00e3o Pacajuense ao Sr. Francisco Rommel Morais Caldas."}, {"id": "686", "ano": "2025", "numero": "95", "tipo__sigla": "PLO", "tipo__descricao": "Projeto de Lei Ordin\u00e1rio", "autoria": "Bruninho Figueiredo", "texto_original": "http://sapl.pacajus.ce.leg.br/media/", "ementa": "DECLARA DE UTILIDADE P\u00daBLICA O INSTITUTO VIVER FELIZ, E D\u00c1 OUTRAS PROVID\u00caNCIAS"}, {"id": "692", "ano": "2025", "numero": "96", "tipo__sigla": "PLO", "tipo__descricao": "Projeto de Lei Ordin\u00e1rio", "autoria": "Marcelo Confec\u00e7\u00e3o", "texto_original": "http://sapl.pacajus.ce.leg.br/media/", "ementa": "Concede o t\u00edtulo de Cidad\u00e3o Pacajuense ao Sr. Tenente Gerardo de Sousa Maia Filho e da outras provid\u00eancias."}, {"id": "693", "ano": "2025", "numero": "97", "tipo__sigla": "PLO", "tipo__descricao": "Projeto de Lei Ordin\u00e1rio", "autoria": "Marcelo Confec\u00e7\u00e3o", "texto_original": "http://sapl.pacajus.ce.leg.br/media/", "ementa": "Concede t\u00edtulo de Cidad\u00e3 Pacajuense a  Dra. Leiliane Freitas Almeida e da outras provid\u00eancias."}, {"id": "696", "ano": "2025", "numero": "98", "tipo__sigla": "PLO", "tipo__descricao": "Projeto de Lei Ordin\u00e1rio", "autoria": "Di\u00ea Silva, Fabi Carvalho", "texto_original": "http://sapl.pacajus.ce.leg.br/media/", "ementa": "Declara de utilidade p\u00fablica a Organiza\u00e7\u00e3o N\u00e3o Governamental LAR PARA ANIMAIS E TRATAMENTO (L.A.T.) e d\u00e1 outras provid\u00eancias."}, {"id": "697", "ano": "2025", "numero": "99", "tipo__sigla": "PLO", "tipo__descricao": "Projeto de Lei Ordin\u00e1rio", "autoria": "Edilson das Casas", "texto_original": "http://sapl.pacajus.ce.leg.br/media/sapl/public/materialegislativa/2025/697/pl_099-2025.pdf", "ementa": "Disp\u00f5e sobre a institui\u00e7\u00e3o da gratifica\u00e7\u00e3o de desempenho de aprendizagem e d\u00e1 outras provid\u00eancias."}, {"id": "698", "ano": "2025", "numero": "100", "tipo__sigla": "PLO", "tipo__descricao": "Projeto de Lei Ordin\u00e1rio", "autoria": "Reginaldo Firmino", "texto_original": "http://sapl.pacajus.ce.leg.br/media/", "ementa": "Concede t\u00edtulo de Cidad\u00e3 Pacajuense a Sra. Clarice Mesquita Silva e d\u00e1 outras provid\u00eancias."}, {"id": "699", "ano": "2025", "numero": "101", "tipo__sigla": "PLO", "tipo__descricao": "Projeto de Lei Ordin\u00e1rio", "autoria": "Reginaldo Firmino", "texto_original": "http://sapl.pacajus.ce.leg.br/media/", "ementa": "Concede t\u00edtulo de Cidad\u00e3o Pacajuense o Sr. Jos\u00e9 Eduardo de Lavor Pernambucano Neves e da outras provid\u00eancias."}, {"id": "700", "ano": "2025", "numero": "102", "tipo__sigla": "PLO", "tipo__descricao": "Projeto de Lei Ordin\u00e1rio", "autoria": "Reginaldo Firmino", "texto_original": "http://sapl.pacajus.ce.leg.br/media/", "ementa": "Concede t\u00edtulo Cidad\u00e3o Pacajuense o Sr. Jos\u00e9 Rog\u00e9rio Arcanjo de Aquino e de outras provid\u00eancias."}, {"id": "702", "ano": "2025", "numero": "103", "tipo__sigla": "PLO", "tipo__descricao": "Projeto de Lei Ordin\u00e1rio", "autoria": "Did\u00e3o", "texto_original": "http://sapl.pacajus.ce.leg.br/media/", "ementa": "Concede T\u00edtulo de Cidad\u00e3 Pacajuense a Sra. Maria de Oliveira Vasconcelos (Irm\u00e3 Edileuza) e d\u00e1 outras provid\u00eancias."}, {"id": "703", "ano": "2025", "numero": "104", "tipo__sigla": "PLO", "tipo__descricao": "Projeto de Lei Ordin\u00e1rio", "autoria": "Did\u00e3o", "texto_original": "http://sapl.pacajus.ce.leg.br/media/", "ementa": "Concede T\u00edtulo de Cidad\u00e3o Pacajuense ao Sr. Elivando Saraiva de Oliveira e d\u00e1 outras provid\u00eancias."}, {"id": "710", "ano": "2025", "numero": "105", "tipo__sigla": "PLO", "tipo__descricao": "Projeto de Lei Ordin\u00e1rio", "autoria": "Did\u00e3o", "texto_original": "http://sapl.pacajus.ce.leg.br/media/", "ementa": "Concede t\u00edtulo cidad\u00e3o Pacajuense ao Sr. Francisco Farias Monteiro J\u00fanior e da outras provid\u00eancias."}, {"id": "717", "ano": "2025", "numero": "106", "tipo__sigla": "PLO", "tipo__descricao": "Projeto de Lei Ordin\u00e1rio", "autoria": "J\u00fanior Aguiar", "texto_original": "http://sapl.pacajus.ce.leg.br/media/", "ementa": "Denomina de Josias Pereira Azevedo o cacimb\u00e3o."}, {"id": "721", "ano": "2025", "numero": "107", "tipo__sigla": "PLO", "tipo__descricao": "Projeto de Lei Ordin\u00e1rio", "autoria": "Reginaldo Firmino", "texto_original": "http://sapl.pacajus.ce.leg.br/media/", "ementa": "Concede T\u00edtulo de cidad\u00e3o Pacajuense ao Sr. Ant\u00f4nio Bruno Gomes da Silva, e d\u00e1 outras provid\u00eancias."}, {"id": "723", "ano": "2025", "numero": "108", "tipo__sigla": "PLO", "tipo__descricao": "Projeto de Lei Ordin\u00e1rio", "autoria": "Edilson das Casas", "texto_original": "http://sapl.pacajus.ce.leg.br/media/", "ementa": "DISP\u00d5E SOBRE A CELEBRA\u00c7\u00c3O DE PARCERIAS, CONV\u00caNIOS, TERMOS DE COLABORA\u00c7\u00c3O OU DE FOMENTO PELO PODER EXECUTIVO COM CL\u00cdNICAS VETERIN\u00c1RIAS, PROFISSIONAIS DE MEDICINA VETERIN\u00c1RIA, ENTIDADES PROTETORAS DE ANIMAIS E ORGANIZA\u00c7\u00d5ES DA SOCIEDADE CIVIL, VISANDO AO ATENDIMENTO DE C\u00c3ES E GATOS EM SITUA\u00c7\u00c3O DE RUA, DOENTES OU FERIDOS, E D\u00c1 OUTRAS PROVID\u00caNCIAS."}, {"id": "724", "ano": "2025", "numero": "109", "tipo__sigla": "PLO", "tipo__descricao": "Projeto de Lei Ordin\u00e1rio", "autoria": "Edilson das Casas", "texto_original": "http://sapl.pacajus.ce.leg.br/media/sapl/public/materialegislativa/2025/724/scan2025-_proj_de_lei_109_1.pdf", "ementa": "Disp\u00f5e sobre a estimativa da receita e fixa\u00e7\u00e3o da despesa do Munic\u00edpio de Pacajus para o exerc\u00edcio financeiro de 2026."}, {"id": "725", "ano": "2025", "numero": "110", "tipo__sigla": "PLO", "tipo__descricao": "Projeto de Lei Ordin\u00e1rio", "autoria": "Ronaldo dos Frios", "texto_original": "http://sapl.pacajus.ce.leg.br/media/", "ementa": "Denomina o conjunto habitacional (Cohab) para Conjunto Joaquim Tavares Braga Filho."}, {"id": "726", "ano": "2025", "numero": "111", "tipo__sigla": "PLO", "tipo__descricao": "Projeto de Lei Ordin\u00e1rio", "autoria": "Did\u00e3o", "texto_original": "http://sapl.pacajus.ce.leg.br/media/", "ementa": "Concede t\u00edtulo de cidad\u00e3o ao Sr. Macio da Cruz Silva e da outras provid\u00eancias."}, {"id": "728", "ano": "2025", "numero": "112", "tipo__sigla": "PLO", "tipo__descricao": "Projeto de Lei Ordin\u00e1rio", "autoria": "Bruninho Figueiredo", "texto_original": "http://sapl.pacajus.ce.leg.br/media/", "ementa": "Concede T\u00edtulo de Cidad\u00e3o Pacajuense ao Senhor Cl\u00e1udio Carlos Ot\u00e1vio Tavares e d\u00e1 outras provid\u00eancias."}, {"id": "729", "ano": "2025", "numero": "113", "tipo__sigla": "PLO", "tipo__descricao": "Projeto de Lei Ordin\u00e1rio", "autoria": "Edilson das Casas", "texto_original": "http://sapl.pacajus.ce.leg.br/media/sapl/public/materialegislativa/2025/729/pl_113_2025_-_alteracao_fundo_da_infancia_-_assistencia.docx", "ementa": "ALTERA O PAR\u00c1GRAFO \u00daNICO DO ART. 4\u00ba DA LEI N\u00ba 077, DE 27 DE MAIO DE 1994, QUE DISP\u00d5E SOBRE A CRIA\u00c7\u00c3O DO CONSELHO TUTELAR E DO FUNDO MUNICIPAL DA INF\u00c2NCIA E DA ADOLESC\u00caNCIA DE PACAJUS, REVOGA A LEI N\u00ba 091, DE 06 DE FEVEREIRO DE 1995, E D\u00c1 OUTRAS PROVID\u00caNCIAS."}, {"id": "734", "ano": "2025", "numero": "114", "tipo__sigla": "PLO", "tipo__descricao": "Projeto de Lei Ordin\u00e1rio", "autoria": "Odaliana Alves", "texto_original": "http://sapl.pacajus.ce.leg.br/media/", "ementa": "Institui o Dia Municipal de Conscientiza\u00e7\u00e3o da Fibromialgia, no \u00e2mbito do Munic\u00edpio de Pacajus, na forma que indica."}, {"id": "741", "ano": "2025", "numero": "115", "tipo__sigla": "PLO", "tipo__descricao": "Projeto de Lei Ordin\u00e1rio", "autoria": "Fabi Carvalho", "texto_original": "http://sapl.pacajus.ce.leg.br/media/", "ementa": "Denomina de Ant\u00f4nio Domingos da Fonseca a Rua que se inicia no final da Rua Ant\u00f4nio Wibys de Souza e finaliza na extrema do Chor\u00f3 (Pr\u00f3ximo ao terreno do Jos\u00e9 Wilson Di\u00f3genes) na Localidade de Baixa Grande."}, {"id": "747", "ano": "2025", "numero": "116", "tipo__sigla": "PLO", "tipo__descricao": "Projeto de Lei Ordin\u00e1rio", "autoria": "Reginaldo Firmino", "texto_original": "http://sapl.pacajus.ce.leg.br/media/", "ementa": "Concede T\u00edtulo de Cidad\u00e3o Pacajuense ao Sr. Aldemir Carneiro da Silva, e d\u00e1 outras provid\u00eancias."}, {"id": "748", "ano": "2025", "numero": "117", "tipo__sigla": "PLO", "tipo__descricao": "Projeto de Lei Ordin\u00e1rio", "autoria": "Fabi Carvalho", "texto_original": "http://sapl.pacajus.ce.leg.br/media/", "ementa": "Denomina de Rua Maria Helena de Souza (via do lado oeste do C.E.I. Jos\u00e9 Neto Ribeiro), a via que se inicia na rua Ant\u00f4nio Soares da Silva, no sentido Norte/Sul em toda sua extens\u00e3o."}, {"id": "749", "ano": "2025", "numero": "118", "tipo__sigla": "PLO", "tipo__descricao": "Projeto de Lei Ordin\u00e1rio", "autoria": "Edilson das Casas", "texto_original": "http://sapl.pacajus.ce.leg.br/media/sapl/public/materialegislativa/2025/749/pl_-_doacoes_e_reversao_1.docx", "ementa": "Disp\u00f5e sobre o procedimento de doa\u00e7\u00e3o de bens im\u00f3veis pertencentes ao Munic\u00edpio de Pacajus e do procedimento de revers\u00e3o dos bens im\u00f3veis doados, e d\u00e1 outras provid\u00eancias."}, {"id": "750", "ano": "2025", "numero": "119", "tipo__sigla": "PLO", "tipo__descricao": "Projeto de Lei Ordin\u00e1rio", "autoria": "Edilson das Casas", "texto_original": "http://sapl.pacajus.ce.leg.br/media/sapl/public/materialegislativa/2025/750/pl_119_2025.pdf", "ementa": "Disp\u00f5e sobre a concess\u00e3o de abono aos profissionais da educa\u00e7\u00e3o b\u00e1sica da rede p\u00fablica municipal, com recursos do Fundo de Manuten\u00e7\u00e3o e Desenvolvimento da Educa\u00e7\u00e3o B\u00e1sica e de Valoriza\u00e7\u00e3o dos Profissionais da Educa\u00e7\u00e3o- FUNDEB, e d\u00e1 outras provid\u00eancias."}, {"id": "751", "ano": "2025", "numero": "120", "tipo__sigla": "PLO", "tipo__descricao": "Projeto de Lei Ordin\u00e1rio", "autoria": "Fabi Carvalho", "texto_original": "http://sapl.pacajus.ce.leg.br/media/", "ementa": "Concede T\u00edtulo de Cidad\u00e3 Pacajuense a Sra. Maria da Costa Gomes, e d\u00e1  outras provid\u00eancias."}, {"id": "754", "ano": "2025", "numero": "121", "tipo__sigla": "PLO", "tipo__descricao": "Projeto de Lei Ordin\u00e1rio", "autoria": "Did\u00e3o, Fabi Carvalho", "texto_original": "http://sapl.pacajus.ce.leg.br/media/", "ementa": "Concede T\u00edtulo de Cidad\u00e3o Pacajuense a Sra. S\u00e2mia Maria Barbosa Sena de Vasconcelos, e d\u00e1 outras provid\u00eancias."}, {"id": "756", "ano": "2025", "numero": "122", "tipo__sigla": "PLO", "tipo__descricao": "Projeto de Lei Ordin\u00e1rio", "autoria": "Ant\u00f4nio Guaran\u00e1", "texto_original": "http://sapl.pacajus.ce.leg.br/media/", "ementa": "Concede T\u00edtulo de Cidad\u00e3o Pacajuense ao Sr. Jos\u00e9 Rodrigo Dantas de Freitas Sampaio, e d\u00e1 outas provid\u00eancias."}, {"id": "761", "ano": "2025", "numero": "123", "tipo__sigla": "PLO", "tipo__descricao": "Projeto de Lei Ordin\u00e1rio", "autoria": "Evilazio da Luz", "texto_original": "http://sapl.pacajus.ce.leg.br/media/", "ementa": "Denomina de  E.M.T.I. Raimundo Augostinho, a Escola conhecida por E.M.T.I. Neli Gama Nogueira ,localizada na comunidade Quilombola da Base, e d\u00e1 outras provid\u00eancias."}, {"id": "762", "ano": "2025", "numero": "124", "tipo__sigla": "PLO", "tipo__descricao": "Projeto de Lei Ordin\u00e1rio", "autoria": "Edilson das Casas", "texto_original": "http://sapl.pacajus.ce.leg.br/media/sapl/public/materialegislativa/2025/762/pl_124_2025_rateio_alteracao.docx", "ementa": "Altera o par\u00e1grafo \u00fanico do art. 2\u00ba da Lei Municipal n\u00ba 1.323, de 27 de outubro de 2025, que disp\u00f5e sobre a concess\u00e3o de abono aos profissionais da educa\u00e7\u00e3o b\u00e1sica da rede p\u00fablica municipal, e d\u00e1 outras provid\u00eancias."}, {"id": "763", "ano": "2025", "numero": "125", "tipo__sigla": "PLO", "tipo__descricao": "Projeto de Lei Ordin\u00e1rio", "autoria": "Edilson das Casas", "texto_original": "http://sapl.pacajus.ce.leg.br/media/sapl/public/materialegislativa/2025/763/pl_125-2025.pdf", "ementa": "Disp\u00f5e sobre o parcelamento e reparcelamento de d\u00e9bitos do Munic\u00edpio de Pacajus-Ce, com seu Regime Pr\u00f3prio de Previd\u00eancia Social - RPPS, de que tratam os arts. 115 e 117 do Ato das Disposi\u00e7\u00f5es Constitucionais Transit\u00f3rias - ADCT,  com a Reda\u00e7\u00e3o conferida pela emenda constitucional N\u00ba 136, de 09 de Setembro de 2025"}, {"id": "765", "ano": "2025", "numero": "126", "tipo__sigla": "PLO", "tipo__descricao": "Projeto de Lei Ordin\u00e1rio", "autoria": "J\u00fanior Aguiar", "texto_original": "http://sapl.pacajus.ce.leg.br/media/", "ementa": "Denomina de Rua Abimael  Assis da Silva,( a Rua da Escola Joaquim Nogueira Lopes), que se inicia na Rua Paulino da Silva e finaliza na Rua F\u00e1bio Conrado de Sousa, no Bairro Lagoa Seca."}, {"id": "766", "ano": "2025", "numero": "127", "tipo__sigla": "PLO", "tipo__descricao": "Projeto de Lei Ordin\u00e1rio", "autoria": "Reginaldo Firmino, Fabi Carvalho, Juninho do Gaminha", "texto_original": "http://sapl.pacajus.ce.leg.br/media/", "ementa": "Concede T\u00edtulo de Cidad\u00e3o Pacajuense ao Sr. Pascoal Sampaio Ribeiro Neto, e d\u00e1 outras provid\u00eancias."}, {"id": "767", "ano": "2025", "numero": "128", "tipo__sigla": "PLO", "tipo__descricao": "Projeto de Lei Ordin\u00e1rio", "autoria": "Edilson das Casas", "texto_original": "http://sapl.pacajus.ce.leg.br/media/sapl/public/materialegislativa/2025/767/pl_128-2025.pdf", "ementa": "Institui a Pol\u00edtica municipal de Governan\u00e7a, Integridade e Compliance no \u00e2mbito da administra\u00e7\u00e3o p\u00fablica direta e indireta do munic\u00edpio de Pacajus/Ce, e d\u00e1 outras provid\u00eancias."}, {"id": "768", "ano": "2025", "numero": "129", "tipo__sigla": "PLO", "tipo__descricao": "Projeto de Lei Ordin\u00e1rio", "autoria": "Evilazio da Luz, Fabi Carvalho", "texto_original": "http://sapl.pacajus.ce.leg.br/media/", "ementa": "Denomina de E.M.T.I. Quilombola Raimundo Agostinho da Silva, a Escola conhecida por E.M.T.I. Neli Gama Nogueira, localizada na Comunidade Quilombola da Base, e d\u00e1 outras provid\u00eancias."}, {"id": "771", "ano": "2025", "numero": "130", "tipo__sigla": "PLO", "tipo__descricao": "Projeto de Lei Ordin\u00e1rio", "autoria": "Edilson das Casas", "texto_original": "http://sapl.pacajus.ce.leg.br/media/", "ementa": "Disp\u00f5e sobre a revitaliza\u00e7\u00e3o e oficializa\u00e7\u00e3o dos s\u00edmbolos oficiais do munic\u00edpio de Pacajus (Bras\u00e3o, Bandeira, Selo, Hino e Identidade visual institucional), e d\u00e1 outras provid\u00eancias."}, {"id": "772", "ano": "2025", "numero": "131", "tipo__sigla": "PLO", "tipo__descricao": "Projeto de Lei Ordin\u00e1rio", "autoria": "Edilson das Casas", "texto_original": "http://sapl.pacajus.ce.leg.br/media/", "ementa": "Institui o Programa Municipal de Sa\u00fade Ocular Estudantil \u201cOlhando para o futuro\u201d, e d\u00e1 outras provid\u00eancias."}, {"id": "773", "ano": "2025", "numero": "132", "tipo__sigla": "PLO", "tipo__descricao": "Projeto de Lei Ordin\u00e1rio", "autoria": "Ant\u00f4nio Guaran\u00e1", "texto_original": "http://sapl.pacajus.ce.leg.br/media/", "ementa": "Denomina a Rua Luzia de F\u00e1tima Maia Lima, localizada no Bairro Aldeia Park, e d\u00e1 outras provid\u00eancias."}, {"id": "776", "ano": "2025", "numero": "133", "tipo__sigla": "PLO", "tipo__descricao": "Projeto de Lei Ordin\u00e1rio", "autoria": "J\u00fanior Aguiar", "texto_original": "http://sapl.pacajus.ce.leg.br/media/", "ementa": "Denomina de Rua Abimael Assis da Silva (Babi), a Rua conhecida por Rua do Meio, que se inicia na Rua Raimundo Paulino da Silva e finaliza na Rua Nestor Jacob, situada no Bairro Lagoa Seca, em Pacajus/Ce, e d\u00e1 outras provid\u00eancias."}, {"id": "780", "ano": "2025", "numero": "134", "tipo__sigla": "PLO", "tipo__descricao": "Projeto de Lei Ordin\u00e1rio", "autoria": "Fabi Carvalho, Did\u00e3o", "texto_original": "http://sapl.pacajus.ce.leg.br/media/", "ementa": "Concede T\u00edtulo de Cidad\u00e3o Pacajuense ao Sr. Francisco de Assis Silva do Nascimento, e d\u00e1 outras provid\u00eancias."}, {"id": "781", "ano": "2025", "numero": "135", "tipo__sigla": "PLO", "tipo__descricao": "Projeto de Lei Ordin\u00e1rio", "autoria": "Edilson das Casas", "texto_original": "http://sapl.pacajus.ce.leg.br/media/sapl/public/materialegislativa/2025/781/pl_135-2025._projeto_de_lei_-_previdencia_-_multa_assinado.pdf", "ementa": "Altera a Lei Municipal n. 1.333, de 13 de novembro de 2025, para atualizar os crit\u00e9rios de corre\u00e7\u00e3o, juros e multa dos parcelamentos de d\u00e9bitos previdenci\u00e1rios do RPPS e da outras provid\u00eancias."}, {"id": "783", "ano": "2025", "numero": "136", "tipo__sigla": "PLO", "tipo__descricao": "Projeto de Lei Ordin\u00e1rio", "autoria": "J\u00fanior Aguiar", "texto_original": "http://sapl.pacajus.ce.leg.br/media/", "ementa": "Concede t\u00edtulo de Cidad\u00e3o Pacajuense ao Sr. Rafael de Sousa Aguiar e das outras provid\u00eancias."}, {"id": "784", "ano": "2025", "numero": "137", "tipo__sigla": "PLO", "tipo__descricao": "Projeto de Lei Ordin\u00e1rio", "autoria": "Ant\u00f4nio Guaran\u00e1, Did\u00e3o, Fabi Carvalho, Juninho do Gaminha, Mateus da Itaipaba, Odaliana Alves", "texto_original": "http://sapl.pacajus.ce.leg.br/media/", "ementa": "Concede t\u00edtulo de Cidad\u00e3 Pacajuense a Sra. Mariana Elba Costa de outras provid\u00eancias."}, {"id": "788", "ano": "2025", "numero": "138", "tipo__sigla": "PLO", "tipo__descricao": "Projeto de Lei Ordin\u00e1rio", "autoria": "Edilson das Casas", "texto_original": "http://sapl.pacajus.ce.leg.br/media/sapl/public/materialegislativa/2025/788/projeto_de_lei_-_dialise_-_saude.docx", "ementa": "Institui, no \u00e2mbito do Munic\u00edpio de Pacajus, a pol\u00edtica de cofinanciamento municipal dos servi\u00e7os de di\u00e1lise habilitados e contratados pelo SUS, para a realiza\u00e7\u00e3o de procedimentos de hemodi\u00e1lise, e d\u00e1 outras provid\u00eancias."}, {"id": "789", "ano": "2025", "numero": "139", "tipo__sigla": "PLO", "tipo__descricao": "Projeto de Lei Ordin\u00e1rio", "autoria": "Edilson das Casas", "texto_original": "http://sapl.pacajus.ce.leg.br/media/sapl/public/materialegislativa/2025/789/projeto_de_lei_-_queimada_-_meio_ambiente.docx", "ementa": "Disp\u00f5e sobre a proibi\u00e7\u00e3o de queimadas e do desmatamento irregular no munic\u00edpio de Pacajus e  estabelece normas de fiscaliza\u00e7\u00e3o, penalidades e d\u00e1 outras provid\u00eancias."}, {"id": "790", "ano": "2025", "numero": "140", "tipo__sigla": "PLO", "tipo__descricao": "Projeto de Lei Ordin\u00e1rio", "autoria": "Edilson das Casas", "texto_original": "http://sapl.pacajus.ce.leg.br/media/sapl/public/materialegislativa/2025/790/projeto_de_lei_-_saude_-_gratificacao.docx", "ementa": "Disp\u00f5e sobre a institui\u00e7\u00e3o, em car\u00e1ter excepcional e tempor\u00e1rio, de gratifica\u00e7\u00e3o extraordin\u00e1ria aos Agentes Comunit\u00e1rios de Sa\u00fade por novo cadastro de usu\u00e1rios em \u00e1reas sem cobertura, e d\u00e1 outras provid\u00eancias."}, {"id": "791", "ano": "2025", "numero": "141", "tipo__sigla": "PLO", "tipo__descricao": "Projeto de Lei Ordin\u00e1rio", "autoria": "Edilson das Casas", "texto_original": "http://sapl.pacajus.ce.leg.br/media/sapl/public/materialegislativa/2025/791/projeto_de_lei_-_circo_-_cultura.docx", "ementa": "Institui, no \u00e2mbito do munic\u00edpio de Pacajus, o programa municipal de apoio a circos itinerantes, estabelece benef\u00edcios e condiciona a isen\u00e7\u00e3o de taxas municipais \u00e0 presta\u00e7\u00e3o de contrapartidas sociais, e d\u00e1 outras provid\u00eancias."}, {"id": "792", "ano": "2025", "numero": "142", "tipo__sigla": "PLO", "tipo__descricao": "Projeto de Lei Ordin\u00e1rio", "autoria": "Edilson das Casas", "texto_original": "http://sapl.pacajus.ce.leg.br/media/sapl/public/materialegislativa/2025/792/projeto_de_lei_-_associacao_-_pgm.docx", "ementa": "Declara de utilidade p\u00fablica a Associa\u00e7\u00e3o dos Procuradores do Munic\u00edpio de Pacajus -  APROJUS, e d\u00e1 outras provid\u00eancias."}, {"id": "793", "ano": "2025", "numero": "143", "tipo__sigla": "PLO", "tipo__descricao": "Projeto de Lei Ordin\u00e1rio", "autoria": "Mesa Diretora", "texto_original": "http://sapl.pacajus.ce.leg.br/media/", "ementa": "Disp\u00f5e acerca do reajuste e/ou majora\u00e7\u00e3o dos vencimentos-base dos servidores p\u00fablicos que indica e d\u00e1 outras provid\u00eancias."}, {"id": "525", "ano": "2025", "numero": "1", "tipo__sigla": "PDL", "tipo__descricao": "Projeto de Decreto Legislativo", "autoria": "Mesa Diretora", "texto_original": "http://sapl.pacajus.ce.leg.br/media/", "ementa": "Indica as Homenagens para o Diploma do M\u00e9rito Mulher Pacajuense para o ano de 2025, conforme Lei Municipal N\u00b0 1802, de 21 de Mar\u00e7o de 2023."}, {"id": "552", "ano": "2025", "numero": "2", "tipo__sigla": "PDL", "tipo__descricao": "Projeto de Decreto Legislativo", "autoria": "COMORC - Comiss\u00e3o de Finan\u00e7as e Or\u00e7amento", "texto_original": "http://sapl.pacajus.ce.leg.br/media/sapl/public/materialegislativa/2025/552/dl_pcg_2021_-_pacajus.pdf", "ementa": "Desaprova a presta\u00e7\u00e3o de contas de governo do munic\u00edpio de Pacajus do exerc\u00edcio financeiro de 2021, de responsabilidade do Sr. Bruno Pereira Figueiredo, na forma que indica."}, {"id": "618", "ano": "2025", "numero": "3", "tipo__sigla": "PDL", "tipo__descricao": "Projeto de Decreto Legislativo", "autoria": "COMORC - Comiss\u00e3o de Finan\u00e7as e Or\u00e7amento", "texto_original": "http://sapl.pacajus.ce.leg.br/media/sapl/public/materialegislativa/2025/618/projeto_de_decreto_legislativo_003_2025_-_contas_-_2020_1.pdf", "ementa": "Julga as Contas de Governo do Munic\u00edpio de Pacaj\u00fas do exerc\u00edcio financeiro de 2020, de responsabilidade dos Ex-Prefeitos Municipais Flanky Jos\u00e9 Amaral Chaves e Bruno Pereira Figueiredo, na forma que indica."}, {"id": "656", "ano": "2025", "numero": "4", "tipo__sigla": "PDL", "tipo__descricao": "Projeto de Decreto Legislativo", "autoria": "COMORC - Comiss\u00e3o de Finan\u00e7as e Or\u00e7amento", "texto_original": "http://sapl.pacajus.ce.leg.br/media/sapl/public/materialegislativa/2025/656/projeto_de_decreto_legislativo_-_contas_-_2022.pdf", "ementa": "Julga as Contas de Governo do Munic\u00edpio de Pacaj\u00fas do exerc\u00edcio financeiro de 2022, de responsabilidade do Ex-Prefeito Municipal Bruno Pereira Figueiredo, na forma que indica."}, {"id": "382", "ano": "2025", "numero": "1", "tipo__sigla": "PRE", "tipo__descricao": "Projeto de Resolu\u00e7\u00e3o", "autoria": "Mesa Diretora", "texto_original": "http://sapl.pacajus.ce.leg.br/media/sapl/public/materialegislativa/2025/382/pre_001-2025.pdf", "ementa": "Altera a reda\u00e7\u00e3o dos artigos 7\u00ba e 208 do Regimento Interno da C\u00e2mara Municipal de Pacajus."}, {"id": "454", "ano": "2025", "numero": "2", "tipo__sigla": "PRE", "tipo__descricao": "Projeto de Resolu\u00e7\u00e3o", "autoria": "Mesa Diretora", "texto_original": "http://sapl.pacajus.ce.leg.br/media/", "ementa": "Institui o C\u00f3digo de \u00c9tica e Decoro Parlamentar da C\u00e2mara Municipal de Pacajus, na forma que indica."}, {"id": "712", "ano": "2025", "numero": "3", "tipo__sigla": "PRE", "tipo__descricao": "Projeto de Resolu\u00e7\u00e3o", "autoria": "Mesa Diretora", "texto_original": "http://sapl.pacajus.ce.leg.br/media/sapl/public/materialegislativa/2025/712/resolucao_-_mesa_diretora_-_alteracoes_regimento.pdf", "ementa": "Altera o Regimento Interno da C\u00e2mara Municipal de Pacajus, na forma que indica."}, {"id": "356", "ano": "2025", "numero": "1", "tipo__sigla": "IND", "tipo__descricao": "Indica\u00e7\u00e3o", "autoria": "J\u00fanior Aguiar, Eudes Freitas", "texto_original": "http://sapl.pacajus.ce.leg.br/media/sapl/public/materialegislativa/2025/356/ind_001-2025.pdf", "ementa": "Disp\u00f5e sobre a cria\u00e7\u00e3o de uma pra\u00e7a com parque e equipamento de atividades f\u00edsicas, no bairro Lagoa Seca."}, {"id": "357", "ano": "2025", "numero": "2", "tipo__sigla": "IND", "tipo__descricao": "Indica\u00e7\u00e3o", "autoria": "Reginaldo Firmino", "texto_original": "http://sapl.pacajus.ce.leg.br/media/sapl/public/materialegislativa/2025/357/ind_002-2025.pdf", "ementa": "Disp\u00f5e sobre a cria\u00e7\u00e3o do CRED Amigo Municipal para os permission\u00e1rios dos mercados p\u00fablicos, ambulantes e feirantes com resid\u00eancia fixa na cidade de Pacajus/CE."}, {"id": "358", "ano": "2025", "numero": "3", "tipo__sigla": "IND", "tipo__descricao": "Indica\u00e7\u00e3o", "autoria": "Reginaldo Firmino", "texto_original": "http://sapl.pacajus.ce.leg.br/media/sapl/public/materialegislativa/2025/358/ind_003-2025.pdf", "ementa": "Disp\u00f5e sobre a cria\u00e7\u00e3o do Programa Poupan\u00e7a do Estudante (incentivo financeiro-educacional) no \u00e2mbito da cidade de Pacajus/CE."}, {"id": "359", "ano": "2025", "numero": "4", "tipo__sigla": "IND", "tipo__descricao": "Indica\u00e7\u00e3o", "autoria": "Odaliana Alves, Eudes Freitas, J\u00fanior Aguiar, Marcelo Confec\u00e7\u00e3o", "texto_original": "http://sapl.pacajus.ce.leg.br/media/sapl/public/materialegislativa/2025/359/ind_004-2025.pdf", "ementa": "Disp\u00f5e sobre a cria\u00e7\u00e3o de uma Unidade B\u00e1sica de Sa\u00fade (UBS), no bairro Croat\u00e1 Ville."}, {"id": "401", "ano": "2025", "numero": "5", "tipo__sigla": "IND", "tipo__descricao": "Indica\u00e7\u00e3o", "autoria": "Odaliana Alves, J\u00fanior Aguiar, Marcelo Confec\u00e7\u00e3o", "texto_original": "http://sapl.pacajus.ce.leg.br/media/sapl/public/materialegislativa/2025/401/ind_05.2025.pdf", "ementa": "Indica a cria\u00e7\u00e3o de uma pra\u00e7a com parque e equipamentos de atividades fis\u00edcas, no bairro Croat\u00e1 Ville;"}, {"id": "360", "ano": "2025", "numero": "6", "tipo__sigla": "IND", "tipo__descricao": "Indica\u00e7\u00e3o", "autoria": "Did\u00e3o, Ant\u00f4nio Guaran\u00e1, Bruninho Figueiredo, Evilazio da Luz, Fabi Carvalho, Juninho do Gaminha, J\u00fanior Aguiar, Marcelo Confec\u00e7\u00e3o, Mateus da Itaipaba, Odaliana Alves, Reginaldo Firmino, Ronaldo dos Frios", "texto_original": "http://sapl.pacajus.ce.leg.br/media/sapl/public/materialegislativa/2025/360/ind_006-2025.pdf", "ementa": "Disp\u00f5e sobre a constru\u00e7\u00e3o de um Centro de Imagens no Munic\u00edpio de Pacajus, que oferte os exames de raio-x, ultrassom, tomografia e resson\u00e2ncia magn\u00e9tica."}, {"id": "361", "ano": "2025", "numero": "7", "tipo__sigla": "IND", "tipo__descricao": "Indica\u00e7\u00e3o", "autoria": "Did\u00e3o", "texto_original": "http://sapl.pacajus.ce.leg.br/media/sapl/public/materialegislativa/2025/361/ind_007-2025.pdf", "ementa": "Disp\u00f5e sobre a urbaniza\u00e7\u00e3o da Lagoa Aldeia Park com p\u00eder de madeira, um quiosque de container, um pergolado met\u00e1lico hexagonal, uma pista de cooper, com playground infantil, 2 (Dois) espa\u00e7os para piquenique sendo um aberto ao ar livre e um reservado, e uma academia ao ar livre, mantendo o paisagismo do local."}, {"id": "362", "ano": "2025", "numero": "8", "tipo__sigla": "IND", "tipo__descricao": "Indica\u00e7\u00e3o", "autoria": "Juninho do Gaminha, Eudes Freitas, Evilazio da Luz, Mateus da Itaipaba, Odaliana Alves", "texto_original": "http://sapl.pacajus.ce.leg.br/media/sapl/public/materialegislativa/2025/362/ind_008-2025.pdf", "ementa": "Disp\u00f5e sobre a reforma do Mercado dos Peixes e Confec\u00e7\u00e3o, no Bairro Centro."}, {"id": "363", "ano": "2025", "numero": "9", "tipo__sigla": "IND", "tipo__descricao": "Indica\u00e7\u00e3o", "autoria": "Juninho do Gaminha", "texto_original": "http://sapl.pacajus.ce.leg.br/media/sapl/public/materialegislativa/2025/363/ind_009-2025.pdf", "ementa": "Disp\u00f5e sobre a reforma da Pra\u00e7a Expedito Alves Cavalcante, no bairro Coa\u00e7u."}, {"id": "364", "ano": "2025", "numero": "10", "tipo__sigla": "IND", "tipo__descricao": "Indica\u00e7\u00e3o", "autoria": "Ant\u00f4nio Guaran\u00e1, J\u00fanior Aguiar, Marcelo Confec\u00e7\u00e3o", "texto_original": "http://sapl.pacajus.ce.leg.br/media/sapl/public/materialegislativa/2025/364/ind_010-2025.pdf", "ementa": "Disp\u00f5e sobre a constru\u00e7\u00e3o de banheiros p\u00fablicos nas pra\u00e7as localizadas no centro da cidade."}, {"id": "365", "ano": "2025", "numero": "11", "tipo__sigla": "IND", "tipo__descricao": "Indica\u00e7\u00e3o", "autoria": "Odaliana Alves, Evilazio da Luz, Ronaldo dos Frios", "texto_original": "http://sapl.pacajus.ce.leg.br/media/sapl/public/materialegislativa/2025/365/ind_011-2025.pdf", "ementa": "Disp\u00f5e sobre a pavimenta\u00e7\u00e3o em pedra tosca das seguintes ruas do bairro Base."}, {"id": "366", "ano": "2025", "numero": "12", "tipo__sigla": "IND", "tipo__descricao": "Indica\u00e7\u00e3o", "autoria": "Eudes Freitas, Mateus da Itaipaba", "texto_original": "http://sapl.pacajus.ce.leg.br/media/sapl/public/materialegislativa/2025/366/ind_012-2025.pdf", "ementa": "Disp\u00f5e sobre a constru\u00e7\u00e3o de uma Areninha no distrito de Itaipaba."}, {"id": "367", "ano": "2025", "numero": "13", "tipo__sigla": "IND", "tipo__descricao": "Indica\u00e7\u00e3o", "autoria": "Eudes Freitas, Evilazio da Luz, Mateus da Itaipaba", "texto_original": "http://sapl.pacajus.ce.leg.br/media/sapl/public/materialegislativa/2025/367/ind_013-2025.pdf", "ementa": "Disp\u00f5e sobre a pavimenta\u00e7\u00e3o em bloquete ou pedra tosca na Rua do Fogo que fica situada na localidade de Itaipaba."}, {"id": "368", "ano": "2025", "numero": "14", "tipo__sigla": "IND", "tipo__descricao": "Indica\u00e7\u00e3o", "autoria": "Evilazio da Luz", "texto_original": "http://sapl.pacajus.ce.leg.br/media/sapl/public/materialegislativa/2025/368/ind_014-2025.pdf", "ementa": "Disp\u00f5e sobre a indica\u00e7\u00e3o ao Poder Executivo a constru\u00e7\u00e3o de ponto de atendimento do PSF aos moradores da localidade de Umari."}, {"id": "369", "ano": "2025", "numero": "15", "tipo__sigla": "IND", "tipo__descricao": "Indica\u00e7\u00e3o", "autoria": "Mateus da Itaipaba", "texto_original": "http://sapl.pacajus.ce.leg.br/media/", "ementa": "Disp\u00f5e sobre a indica\u00e7\u00e3o ao Poder Executivo a pavimenta\u00e7\u00e3o em pedra tosca ou bloquete da Rua Jos\u00e9 Saraiva de Carvalho, em Itaipaba."}, {"id": "370", "ano": "2025", "numero": "16", "tipo__sigla": "IND", "tipo__descricao": "Indica\u00e7\u00e3o", "autoria": "Odaliana Alves", "texto_original": "http://sapl.pacajus.ce.leg.br/media/", "ementa": "Disp\u00f5e sobre a reforma do chafariz, no bairro Cip\u00f3, localizado na Rua Luiz Bento Costa."}, {"id": "377", "ano": "2025", "numero": "17", "tipo__sigla": "IND", "tipo__descricao": "Indica\u00e7\u00e3o", "autoria": "Evilazio da Luz, Bruninho Figueiredo, Mateus da Itaipaba", "texto_original": "http://sapl.pacajus.ce.leg.br/media/sapl/public/materialegislativa/2025/377/ind_017-2025.pdf", "ementa": "Indica ao Poder Executivo a constru\u00e7\u00e3o de uma pra\u00e7a com playground infantil e aparelhos de gin\u00e1stica no bairro Curimat\u00e3."}, {"id": "371", "ano": "2025", "numero": "18", "tipo__sigla": "IND", "tipo__descricao": "Indica\u00e7\u00e3o", "autoria": "Marcelo Confec\u00e7\u00e3o, Di\u00ea Silva, J\u00fanior Aguiar, Odaliana Alves", "texto_original": "http://sapl.pacajus.ce.leg.br/media/sapl/public/materialegislativa/2025/371/ind_018-2025.pdf", "ementa": "Disp\u00f5e sobre a indica\u00e7\u00e3o ao Poder Executivo a reforma e amplia\u00e7\u00e3o da Escola Jo\u00e3o Ronaldo Martias e a reforma do CEII Ant\u00f4nia Regilania na \u00e1rea verde."}, {"id": "372", "ano": "2025", "numero": "19", "tipo__sigla": "IND", "tipo__descricao": "Indica\u00e7\u00e3o", "autoria": "Marcelo Confec\u00e7\u00e3o, Odaliana Alves, Ronaldo dos Frios", "texto_original": "http://sapl.pacajus.ce.leg.br/media/sapl/public/materialegislativa/2025/372/ind_019-2025.pdf", "ementa": "Disp\u00f5e sobre a indica\u00e7\u00e3o ao Poder Executivo a pavimenta\u00e7\u00e3o em bloquete em diversas ruas (descritas na justificativa) do bairro Croat\u00e1 1 e Cruz das Almas."}, {"id": "373", "ano": "2025", "numero": "20", "tipo__sigla": "IND", "tipo__descricao": "Indica\u00e7\u00e3o", "autoria": "Ronaldo dos Frios", "texto_original": "http://sapl.pacajus.ce.leg.br/media/sapl/public/materialegislativa/2025/373/ind_020-2025.pdf", "ementa": "Disp\u00f5e sobre a indica\u00e7\u00e3o ao Poder Executivo a pavimenta\u00e7\u00e3o asf\u00e1ltica nas ruas (descritas na justificativa) do bairro Coab."}, {"id": "374", "ano": "2025", "numero": "21", "tipo__sigla": "IND", "tipo__descricao": "Indica\u00e7\u00e3o", "autoria": "Ronaldo dos Frios", "texto_original": "http://sapl.pacajus.ce.leg.br/media/sapl/public/materialegislativa/2025/374/ind_021-2025.pdf", "ementa": "Disp\u00f5e sobre a indica\u00e7\u00e3o ao Poder Executivo a constru\u00e7\u00e3o de uma Unidade B\u00e1sica de Sa\u00fade (UBS) no bairro Buriti dos Esmeros."}, {"id": "383", "ano": "2025", "numero": "22", "tipo__sigla": "IND", "tipo__descricao": "Indica\u00e7\u00e3o", "autoria": "Fabi Carvalho", "texto_original": "http://sapl.pacajus.ce.leg.br/media/sapl/public/materialegislativa/2025/383/ind_022-2025.pdf", "ementa": "Indica ao Poder Executivo a institui\u00e7\u00e3o da Carteira de Identifica\u00e7\u00e3o da Pessoa com Transtorno do Espectro Autista \u2013 CIPTEA."}, {"id": "399", "ano": "2025", "numero": "23", "tipo__sigla": "IND", "tipo__descricao": "Indica\u00e7\u00e3o", "autoria": "Fabi Carvalho, Did\u00e3o, Di\u00ea Silva, Evilazio da Luz", "texto_original": "http://sapl.pacajus.ce.leg.br/media/sapl/public/materialegislativa/2025/399/ind_23.2025.pdf", "ementa": "Indica ao Poder Executivo altera\u00e7\u00e3o do art. 5\u00ba da Lei Municipal n. 371, de 30 de dezembro de 2014, que consolidada a Legisla\u00e7\u00e3o Tribut\u00e1ria do Munic\u00edpio de Pacajus, para isentar de IPTU os im\u00f3veis das organiza\u00e7\u00f5es da sociedade civil."}, {"id": "428", "ano": "2025", "numero": "24", "tipo__sigla": "IND", "tipo__descricao": "Indica\u00e7\u00e3o", "autoria": "Eudes Freitas, Ant\u00f4nio Guaran\u00e1, Di\u00ea Silva", "texto_original": "http://sapl.pacajus.ce.leg.br/media/", "ementa": "Indica o reajuste salarial dos motoristas escolares"}, {"id": "429", "ano": "2025", "numero": "25", "tipo__sigla": "IND", "tipo__descricao": "Indica\u00e7\u00e3o", "autoria": "Bruninho Figueiredo", "texto_original": "http://sapl.pacajus.ce.leg.br/media/", "ementa": "Indica ao Poder Executivo a cria\u00e7\u00e3o da fun\u00e7\u00e3o de coveiro no munic\u00edpio de Pacajus, bem como a implementa\u00e7\u00e3o de reajuste salarial e a concess\u00e3o de adicional de insalubridade."}, {"id": "456", "ano": "2025", "numero": "26", "tipo__sigla": "IND", "tipo__descricao": "Indica\u00e7\u00e3o", "autoria": "Eudes Freitas", "texto_original": "http://sapl.pacajus.ce.leg.br/media/", "ementa": "Indica a realiza\u00e7\u00e3o de campanha de recupera\u00e7\u00e3o fiscal - refis, concedendo anistia de multa, juros e parcelamento dos cr\u00e9ditos tribut\u00e1rios e n\u00e3o tribut\u00e1rios inscritos em d\u00edvida ativa e d\u00e1 outras provid\u00eancias"}, {"id": "474", "ano": "2025", "numero": "27", "tipo__sigla": "IND", "tipo__descricao": "Indica\u00e7\u00e3o", "autoria": "J\u00fanior Aguiar", "texto_original": "http://sapl.pacajus.ce.leg.br/media/", "ementa": "Requer reajuste salarial das merendeiras e a concess\u00e3o de adicional de insalubridade."}, {"id": "472", "ano": "2025", "numero": "28", "tipo__sigla": "IND", "tipo__descricao": "Indica\u00e7\u00e3o", "autoria": "Reginaldo Firmino", "texto_original": "http://sapl.pacajus.ce.leg.br/media/sapl/public/materialegislativa/2025/472/ind_028-2025.pdf", "ementa": "Indica a cria\u00e7\u00e3o do \"Programa Olhos Saud\u00e1veis\", com o objetivo de proporcionar atendimento oftalmol\u00f3gico a todos os alunos da rede p\u00fablica municipal e, quando necess\u00e1rio, disponibilizar gratuitamente \u00f3culos de grau aos estudantes diagnosticados com dificuldades visuais."}, {"id": "473", "ano": "2025", "numero": "29", "tipo__sigla": "IND", "tipo__descricao": "Indica\u00e7\u00e3o", "autoria": "Eudes Freitas, J\u00fanior Aguiar, Mateus da Itaipaba", "texto_original": "http://sapl.pacajus.ce.leg.br/media/sapl/public/materialegislativa/2025/473/ind_029-2025.pdf", "ementa": "Indica a cria\u00e7\u00e3o de um projeto para fornecimento de material esportivo para as divis\u00f5es do futebol Pacajuense."}, {"id": "516", "ano": "2025", "numero": "30", "tipo__sigla": "IND", "tipo__descricao": "Indica\u00e7\u00e3o", "autoria": "Fabi Carvalho", "texto_original": "http://sapl.pacajus.ce.leg.br/media/", "ementa": "Disp\u00f4e sobre a Autoriza\u00e7\u00e3o de Implementa\u00e7\u00e3o do Sistema de Inclus\u00e3o Escolar \"ABA\" para estudantes com Transtorno do Espectro Autista (TEA) nas escolas da rede P\u00fablica Municipal de Pacajus."}, {"id": "521", "ano": "2025", "numero": "31", "tipo__sigla": "IND", "tipo__descricao": "Indica\u00e7\u00e3o", "autoria": "Reginaldo Firmino", "texto_original": "http://sapl.pacajus.ce.leg.br/media/", "ementa": "Indica ao Poder Executivo a cria\u00e7\u00e3o do Programa Municipal de Regula\u00e7\u00e3o Fundi\u00e1ria - REURB Pacajus."}, {"id": "554", "ano": "2025", "numero": "32", "tipo__sigla": "IND", "tipo__descricao": "Indica\u00e7\u00e3o", "autoria": "Bruninho Figueiredo", "texto_original": "http://sapl.pacajus.ce.leg.br/media/", "ementa": "Indica a instala\u00e7\u00e3o de estruturas e brinquedos adaptados para crian\u00e7as com defici\u00eancia nos equipamentos de lazer, na forma que indica."}, {"id": "567", "ano": "2025", "numero": "33", "tipo__sigla": "IND", "tipo__descricao": "Indica\u00e7\u00e3o", "autoria": "Did\u00e3o", "texto_original": "http://sapl.pacajus.ce.leg.br/media/", "ementa": "Indica ao poder executivo a reforma, amplia\u00e7\u00e3o e moderniza\u00e7\u00e3o das Tr\u00eas Pra\u00e7as localizadas nos condom\u00ednios Geraldo Marjela e Telma Fonteles do Bairro Pedra Branca."}, {"id": "572", "ano": "2025", "numero": "34", "tipo__sigla": "IND", "tipo__descricao": "Indica\u00e7\u00e3o", "autoria": "Reginaldo Firmino, Fabi Carvalho", "texto_original": "http://sapl.pacajus.ce.leg.br/media/", "ementa": "Indica ao Poder Executivo a cria\u00e7\u00e3o de gratifica\u00e7\u00e3o por produtividade aos servidores m\u00e9dicos e cirurgi\u00f5es-dentistas e agentes servidores da classe de enfermagem e da aten\u00e7\u00e3o prim\u00e1ria em sa\u00fade- APS."}, {"id": "586", "ano": "2025", "numero": "35", "tipo__sigla": "IND", "tipo__descricao": "Indica\u00e7\u00e3o", "autoria": "Did\u00e3o", "texto_original": "http://sapl.pacajus.ce.leg.br/media/", "ementa": "Indica ao poder executivo a reforma do C.E.I.I. Proinf\u00e2ncia Maria Leny  no Bairro Croat\u00e1 I, incluindo  a pavimenta\u00e7\u00e3o da rua Monte Mor que d\u00e1 acesso a creche."}, {"id": "597", "ano": "2025", "numero": "36", "tipo__sigla": "IND", "tipo__descricao": "Indica\u00e7\u00e3o", "autoria": "Odaliana Alves, Di\u00ea Silva, Fabi Carvalho, J\u00fanior Aguiar", "texto_original": "http://sapl.pacajus.ce.leg.br/media/", "ementa": "Indica ao poder executivo o direito ao adicional de insalubridade para auxiliares de servi\u00e7os gerais."}, {"id": "599", "ano": "2025", "numero": "37", "tipo__sigla": "IND", "tipo__descricao": "Indica\u00e7\u00e3o", "autoria": "Di\u00ea Silva", "texto_original": "http://sapl.pacajus.ce.leg.br/media/", "ementa": "Indica ao poder Executivo a contrata\u00e7\u00e3o de profissionais  para a limpeza e manuten\u00e7\u00e3o das pra\u00e7as de Pacajus."}, {"id": "603", "ano": "2025", "numero": "38", "tipo__sigla": "IND", "tipo__descricao": "Indica\u00e7\u00e3o", "autoria": "Evilazio da Luz", "texto_original": "http://sapl.pacajus.ce.leg.br/media/", "ementa": "Indica ao poder executivo, o reajuste salarial da equipe que cuida  dos po\u00e7os de Pacajus."}, {"id": "608", "ano": "2025", "numero": "39", "tipo__sigla": "IND", "tipo__descricao": "Indica\u00e7\u00e3o", "autoria": "Did\u00e3o", "texto_original": "http://sapl.pacajus.ce.leg.br/media/", "ementa": "Indica a sinaliza\u00e7\u00e3o da malha asf\u00e1ltica nas ruas de Pacajus."}, {"id": "617", "ano": "2025", "numero": "40", "tipo__sigla": "IND", "tipo__descricao": "Indica\u00e7\u00e3o", "autoria": "Bruninho Figueiredo", "texto_original": "http://sapl.pacajus.ce.leg.br/media/", "ementa": "Indica a implanta\u00e7\u00e3o do Projeto Transporte Gratuito (TRUI) na cidade de Pacajus."}, {"id": "619", "ano": "2025", "numero": "41", "tipo__sigla": "IND", "tipo__descricao": "Indica\u00e7\u00e3o", "autoria": "J\u00fanior Aguiar", "texto_original": "http://sapl.pacajus.ce.leg.br/media/", "ementa": "Indica ao poder Executivo, a limpeza do cacimb\u00e3o."}, {"id": "647", "ano": "2025", "numero": "42", "tipo__sigla": "IND", "tipo__descricao": "Indica\u00e7\u00e3o", "autoria": "Marcelo Confec\u00e7\u00e3o", "texto_original": "http://sapl.pacajus.ce.leg.br/media/", "ementa": "Indica ao Poder Executivo que viabilize o curso de primeiros socorros para os profissionais da educa\u00e7\u00e3o, alunos e demais  secretarias."}, {"id": "654", "ano": "2025", "numero": "43", "tipo__sigla": "IND", "tipo__descricao": "Indica\u00e7\u00e3o", "autoria": "Bruninho Figueiredo", "texto_original": "http://sapl.pacajus.ce.leg.br/media/", "ementa": "Indica ao poder Executivo, que no \u00e2mbito das escolas p\u00fablicas do Munic\u00edpio de Pacajus, seja implantada a Semana Municipal de Combate \u00e0 Exposi\u00e7\u00e3o Indevida, Adultiza\u00e7\u00e3o, Explora\u00e7\u00e3o Sexual e outros Crimes contra Crian\u00e7as e Adolescentes, e d\u00e1 outras provid\u00eancias"}, {"id": "657", "ano": "2025", "numero": "44", "tipo__sigla": "IND", "tipo__descricao": "Indica\u00e7\u00e3o", "autoria": "Odaliana Alves", "texto_original": "http://sapl.pacajus.ce.leg.br/media/", "ementa": "Indica ao poder Executivo a reserva de vagas de estacionamento especial para gestantes e pessoas acompanhadas de crian\u00e7as de colo no \u00e2mbito do munic\u00edpio de Pacajus."}, {"id": "658", "ano": "2025", "numero": "45", "tipo__sigla": "IND", "tipo__descricao": "Indica\u00e7\u00e3o", "autoria": "Eudes Freitas", "texto_original": "http://sapl.pacajus.ce.leg.br/media/", "ementa": "Indico ao Poder Executivo a instala\u00e7\u00e3o das placas de identifica\u00e7\u00e3o com os nomes de todas as ruas da cidade de Pacajus."}, {"id": "659", "ano": "2025", "numero": "46", "tipo__sigla": "IND", "tipo__descricao": "Indica\u00e7\u00e3o", "autoria": "Reginaldo Firmino", "texto_original": "http://sapl.pacajus.ce.leg.br/media/sapl/public/materialegislativa/2025/659/indicacao_46_2025.docx", "ementa": "INDICA AO PODER EXECUTIVO A CRIA\u00c7\u00c3O DE UM PROGRAMA MUNICIPAL PARA QUALIFICA\u00c7\u00c3O DE AGENTES DE SA\u00daDE COM CURSO T\u00c9CNICO EM ENFERMAGEM."}, {"id": "662", "ano": "2025", "numero": "47", "tipo__sigla": "IND", "tipo__descricao": "Indica\u00e7\u00e3o", "autoria": "Reginaldo Firmino, Juninho do Gaminha, Odaliana Alves", "texto_original": "http://sapl.pacajus.ce.leg.br/media/", "ementa": "Indica ao Poder Executivo a cria\u00e7\u00e3o de uma Central de Abastecimento Farmac\u00eautico (CAF)  24 horas no Hospital Municipal."}, {"id": "667", "ano": "2025", "numero": "48", "tipo__sigla": "IND", "tipo__descricao": "Indica\u00e7\u00e3o", "autoria": "Fabi Carvalho, Mateus da Itaipaba", "texto_original": "http://sapl.pacajus.ce.leg.br/media/", "ementa": "INDICA AO PODER EXECUTIVO A ELABORA\u00c7\u00c3O DE PROJETO DE LEI QUE INSTITUA O PISO SALARIAL DOS CARGOS DE MOTORISTA NO \u00c2MBITO DO PODER EXECUTIVO DO MUNIC\u00cdPIO DE PACAJUS, CRIA A CATEGORIA DE MOTORISTA DE AMBUL\u00c2NCIA, ESTABELECE REQUISITOS PARA CONTRATA\u00c7\u00c3O E D\u00c1 OUTRAS PROVID\u00caNCIAS"}, {"id": "672", "ano": "2025", "numero": "49", "tipo__sigla": "IND", "tipo__descricao": "Indica\u00e7\u00e3o", "autoria": "Eudes Freitas", "texto_original": "http://sapl.pacajus.ce.leg.br/media/", "ementa": "Indica ao Poder Executivo a contrata\u00e7\u00e3o urgente de novos fisioterapeutas, e d\u00e1 outras provid\u00eancias."}, {"id": "674", "ano": "2025", "numero": "50", "tipo__sigla": "IND", "tipo__descricao": "Indica\u00e7\u00e3o", "autoria": "Fabi Carvalho", "texto_original": "http://sapl.pacajus.ce.leg.br/media/", "ementa": "Indica ao Poder Executivo a implanta\u00e7\u00e3o de um banco de leite humano no Hospital Municipal de Pacajus."}, {"id": "681", "ano": "2025", "numero": "51", "tipo__sigla": "IND", "tipo__descricao": "Indica\u00e7\u00e3o", "autoria": "Reginaldo Firmino", "texto_original": "http://sapl.pacajus.ce.leg.br/media/", "ementa": "INDICA AO PODER EXECUTIVO A CRIA\u00c7\u00c3O DE UM PROGRAMA DE AUX\u00cdLIO PARA O TRASLADO DE PACAJUENSES FALECIDOS EM OUTROS MUNIC\u00cdPIOS OU ESTADOS."}, {"id": "682", "ano": "2025", "numero": "52", "tipo__sigla": "IND", "tipo__descricao": "Indica\u00e7\u00e3o", "autoria": "Fabi Carvalho, Di\u00ea Silva", "texto_original": "http://sapl.pacajus.ce.leg.br/media/sapl/public/materialegislativa/2025/682/indicacao_52_2025.pdf", "ementa": "Disp\u00f5e sobre a garantia de direito a hor\u00e1rio especial ao servidor p\u00fablico municipal que tenha c\u00f4njuge, filho ou dependente com defici\u00eancia de qualquer natureza"}, {"id": "701", "ano": "2025", "numero": "53", "tipo__sigla": "IND", "tipo__descricao": "Indica\u00e7\u00e3o", "autoria": "Reginaldo Firmino", "texto_original": "http://sapl.pacajus.ce.leg.br/media/", "ementa": "INDICA AO PODER EXECUTIVO A REESTRUTURA\u00c7\u00c3O DO MAPA TERRITORIAL DE SA\u00daDE PARA A CRIA\u00c7\u00c3O DE NOVOS POSTOS DE SA\u00daDE E AUMENTO DO QUADRO DE AGENTES COMUNIT\u00c1RIOS DE SA\u00daDE (ACS) NO MUNIC\u00cdPIO."}, {"id": "722", "ano": "2025", "numero": "55", "tipo__sigla": "IND", "tipo__descricao": "Indica\u00e7\u00e3o", "autoria": "Di\u00ea Silva", "texto_original": "http://sapl.pacajus.ce.leg.br/media/", "ementa": "Indica ao Poder executivo a cria\u00e7\u00e3o de vagas para estacionamento delimitando hor\u00e1rio e tempo para ve\u00edculos."}, {"id": "733", "ano": "2025", "numero": "56", "tipo__sigla": "IND", "tipo__descricao": "Indica\u00e7\u00e3o", "autoria": "Odaliana Alves", "texto_original": "http://sapl.pacajus.ce.leg.br/media/", "ementa": "Indica ao Poder Executivo a Institui\u00e7\u00e3o da Pol\u00edtica Municipal de Prote\u00e7\u00e3o aos Direitos da pessoa com Fibromialgia e/ou Fadiga Cr\u00f4nica/S\u00edndrome Complexa de Dor Regional no Munic\u00edpio de Pacajus, e d\u00e1 outras provid\u00eancias."}, {"id": "735", "ano": "2025", "numero": "57", "tipo__sigla": "IND", "tipo__descricao": "Indica\u00e7\u00e3o", "autoria": "Fabi Carvalho", "texto_original": "http://sapl.pacajus.ce.leg.br/media/", "ementa": "Indica ao Poder Executivo a implanta\u00e7\u00e3o de um Programa de Internet WI-FI LIVRE nas pra\u00e7as e parques no Munic\u00edpio de Pacajus."}, {"id": "736", "ano": "2025", "numero": "58", "tipo__sigla": "IND", "tipo__descricao": "Indica\u00e7\u00e3o", "autoria": "Reginaldo Firmino", "texto_original": "http://sapl.pacajus.ce.leg.br/media/", "ementa": "Sugere ao Poder Executivo Municipal a institui\u00e7\u00e3o de uma Pol\u00edtica de Microcr\u00e9dito Produtivo e a cria\u00e7\u00e3o de um Fundo de Investimento para fomentar o microempreendedorismo local."}, {"id": "737", "ano": "2025", "numero": "59", "tipo__sigla": "IND", "tipo__descricao": "Indica\u00e7\u00e3o", "autoria": "Reginaldo Firmino", "texto_original": "http://sapl.pacajus.ce.leg.br/media/", "ementa": "Sugere ao Poder Executivo Municipal a cria\u00e7\u00e3o de um Incentivo Financeiro-Educacional na modalidade de poupan\u00e7a para os alunos concludentes do 9\u00ba ano da Rede Municipal de Ensino."}, {"id": "738", "ano": "2025", "numero": "60", "tipo__sigla": "IND", "tipo__descricao": "Indica\u00e7\u00e3o", "autoria": "Reginaldo Firmino", "texto_original": "http://sapl.pacajus.ce.leg.br/media/", "ementa": "Sugere ao Poder Executivo Municipal a aquisi\u00e7\u00e3o e distribui\u00e7\u00e3o de tablets ou outros equipamentos digitais aos alunos do 8\u00ba e 9\u00ba anos da Rede P\u00fablica Municipal de Ensino de Pacajus."}, {"id": "753", "ano": "2025", "numero": "61", "tipo__sigla": "IND", "tipo__descricao": "Indica\u00e7\u00e3o", "autoria": "Bruninho Figueiredo", "texto_original": "http://sapl.pacajus.ce.leg.br/media/", "ementa": "Indica ao Poder Executivo Municipal a cria\u00e7\u00e3o do Cadastro Municipal de Entregadores por aplicativos e cong\u00eaneres com a utiliza\u00e7\u00e3o de motocicletas e similares e d\u00e1 outras provid\u00eancias"}, {"id": "760", "ano": "2025", "numero": "62", "tipo__sigla": "IND", "tipo__descricao": "Indica\u00e7\u00e3o", "autoria": "Di\u00ea Silva", "texto_original": "http://sapl.pacajus.ce.leg.br/media/", "ementa": "Disp\u00f5e sobre a cria\u00e7\u00e3o de ferramenta digital que possibilite o parcelamento de d\u00e9bitos relacionados ao licenciamento e as multas de ve\u00edculos automotores, e d\u00e1 outras provid\u00eancias."}, {"id": "714", "ano": "2025", "numero": "63", "tipo__sigla": "IND", "tipo__descricao": "Indica\u00e7\u00e3o", "autoria": "J\u00fanior Aguiar", "texto_original": "http://sapl.pacajus.ce.leg.br/media/", "ementa": "Indica ao Poder Executivo a institui\u00e7\u00e3o do Programa \u201cNatal Feliz\u201d \u2013 Entrega de Presentes e Encena\u00e7\u00f5es Teatrais para Alunos da Rede P\u00fablica Municipal de Ensino, e d\u00e1 outras provid\u00eancias"}, {"id": "769", "ano": "2025", "numero": "64", "tipo__sigla": "IND", "tipo__descricao": "Indica\u00e7\u00e3o", "autoria": "Fabi Carvalho", "texto_original": "http://sapl.pacajus.ce.leg.br/media/", "ementa": "Disp\u00f5e sobre a instala\u00e7\u00e3o de sistemas de comunica\u00e7\u00e3o aumentativa e alternativa de baixa tecnologia em espa\u00e7os p\u00fablicos e abertos ao p\u00fablico, com vistas a promo\u00e7\u00e3o da acessibilidade da pessoa com necessidades complexas de comunica\u00e7\u00e3o no munic\u00edpio de Pacajus e d\u00e1 outras provid\u00eancias."}, {"id": "774", "ano": "2025", "numero": "65", "tipo__sigla": "IND", "tipo__descricao": "Indica\u00e7\u00e3o", "autoria": "Did\u00e3o", "texto_original": "http://sapl.pacajus.ce.leg.br/media/", "ementa": "Solicita ao Poder Legislativo, em parceria com o Poder Executivo a constru\u00e7\u00e3o de uma nova sede para a C\u00e2mara Municipal de Pacajus/Ce, e d\u00e1 outras provid\u00eancias."}, {"id": "778", "ano": "2025", "numero": "66", "tipo__sigla": "IND", "tipo__descricao": "Indica\u00e7\u00e3o", "autoria": "J\u00fanior Aguiar", "texto_original": "http://sapl.pacajus.ce.leg.br/media/", "ementa": "Indica ao Poder Executivo a institui\u00e7\u00e3o e fornecimento de kit b\u00e1sico de higiene pessoal para os alunos do tempo integral do Munic\u00edpio de Pacajus."}, {"id": "794", "ano": "2025", "numero": "67", "tipo__sigla": "IND", "tipo__descricao": "Indica\u00e7\u00e3o", "autoria": "Fabi Carvalho", "texto_original": "http://sapl.pacajus.ce.leg.br/media/", "ementa": "Indica ao Poder Executivo a elabora\u00e7\u00e3o de projeto de lei que institua, no \u00e2mbito do munic\u00edpio de Pacajus, a pol\u00edtica p\u00fablica de reserva de vagas para pessoas negras, ind\u00edgenas e quilombolas em concursos p\u00fablicos e processos seletivos p\u00fablicos."}, {"id": "375", "ano": "2025", "numero": "1", "tipo__sigla": "REQ", "tipo__descricao": "Requerimento", "autoria": "Mateus da Itaipaba, Eudes Freitas, Evilazio da Luz", "texto_original": "http://sapl.pacajus.ce.leg.br/media/sapl/public/materialegislativa/2025/375/req_001-2025.pdf", "ementa": "Disp\u00f5e sobre a indica\u00e7\u00e3o ao Poder Executivo a constru\u00e7\u00e3o de uma areninha, com polo de lazer e pra\u00e7a em Itaipaba."}, {"id": "404", "ano": "2025", "numero": "2", "tipo__sigla": "REQ", "tipo__descricao": "Requerimento", "autoria": "Mateus da Itaipaba", "texto_original": "http://sapl.pacajus.ce.leg.br/media/sapl/public/materialegislativa/2025/404/req_02.2025.pdf", "ementa": "Indica ao Poder Executivo a abertura na Rua Professora Maria Iz\u00e9lia, para dar acesso a CE-253, em Itaipaba."}, {"id": "384", "ano": "2025", "numero": "3", "tipo__sigla": "REQ", "tipo__descricao": "Requerimento", "autoria": "Mateus da Itaipaba, Evilazio da Luz", "texto_original": "http://sapl.pacajus.ce.leg.br/media/sapl/public/materialegislativa/2025/384/req_003-2025.pdf", "ementa": "Indica ao Poder Executivo a pavimenta\u00e7\u00e3o de pedra tosca ou bloquete na Rua Zezinho Hon\u00f3rio, localizada no povoado de areias em Itaipaba."}, {"id": "406", "ano": "2025", "numero": "4", "tipo__sigla": "REQ", "tipo__descricao": "Requerimento", "autoria": "Mateus da Itaipaba", "texto_original": "http://sapl.pacajus.ce.leg.br/media/sapl/public/materialegislativa/2025/406/req_04.2025.pdf", "ementa": "Requer ao Poder Executivo a pavimenta\u00e7\u00e3o de pedra tosca ou bloquete na Rua Jo\u00e3o Cordeiro Valentin em Itaipaba."}, {"id": "385", "ano": "2025", "numero": "5", "tipo__sigla": "REQ", "tipo__descricao": "Requerimento", "autoria": "Mateus da Itaipaba, Eudes Freitas, Ronaldo dos Frios", "texto_original": "http://sapl.pacajus.ce.leg.br/media/sapl/public/materialegislativa/2025/385/req_005-2025.pdf", "ementa": "Indica ao Poder Executivo a constru\u00e7\u00e3o de gin\u00e1sio poliesportivo em Itaipaba."}, {"id": "386", "ano": "2025", "numero": "6", "tipo__sigla": "REQ", "tipo__descricao": "Requerimento", "autoria": "Did\u00e3o, Juninho do Gaminha, J\u00fanior Aguiar, Marcelo Confec\u00e7\u00e3o, Odaliana Alves", "texto_original": "http://sapl.pacajus.ce.leg.br/media/sapl/public/materialegislativa/2025/386/req_006-2025.pdf", "ementa": "Indica ao Poder Executivo a reforma e moderniza\u00e7\u00e3o das pra\u00e7as Renato Pessoa de Aguiar, Carlos Jereissati e pra\u00e7a do Tintim."}, {"id": "387", "ano": "2025", "numero": "7", "tipo__sigla": "REQ", "tipo__descricao": "Requerimento", "autoria": "Did\u00e3o, Evilazio da Luz, J\u00fanior Aguiar", "texto_original": "http://sapl.pacajus.ce.leg.br/media/sapl/public/materialegislativa/2025/387/req_007-2025.pdf", "ementa": "Indica ao Poder Executivo a reforma da Pra\u00e7a da B\u00edblia."}, {"id": "430", "ano": "2025", "numero": "8", "tipo__sigla": "REQ", "tipo__descricao": "Requerimento", "autoria": "Reginaldo Firmino, Ant\u00f4nio Guaran\u00e1, Juninho do Gaminha, Ronaldo dos Frios", "texto_original": "http://sapl.pacajus.ce.leg.br/media/", "ementa": "Requer a reforma e amplia\u00e7\u00e3o da pra\u00e7a do Paje\u00fa com Areninha, Playgraund e Academia da sa\u00fade."}, {"id": "388", "ano": "2025", "numero": "9", "tipo__sigla": "REQ", "tipo__descricao": "Requerimento", "autoria": "Eudes Freitas", "texto_original": "http://sapl.pacajus.ce.leg.br/media/sapl/public/materialegislativa/2025/388/req_009-2025.pdf", "ementa": "Indica ao Poder Executivo a constru\u00e7\u00e3o de um chafariz na localidade de Dom Bosco."}, {"id": "389", "ano": "2025", "numero": "10", "tipo__sigla": "REQ", "tipo__descricao": "Requerimento", "autoria": "Eudes Freitas", "texto_original": "http://sapl.pacajus.ce.leg.br/media/sapl/public/materialegislativa/2025/389/req_010-2025.pdf", "ementa": "Indica ao Poder Executivo a constru\u00e7\u00e3o de uma areninha na localidade de Mangabeira."}, {"id": "431", "ano": "2025", "numero": "11", "tipo__sigla": "REQ", "tipo__descricao": "Requerimento", "autoria": "Did\u00e3o, Marcelo Confec\u00e7\u00e3o, Odaliana Alves", "texto_original": "http://sapl.pacajus.ce.leg.br/media/", "ementa": "Indica ao poder executivo a solicita\u00e7\u00e3o de malha asf\u00e1ltica para a rua Dr. Jos\u00e9 Ab\u00edlio (rua do centro pastoral paroquial)."}, {"id": "390", "ano": "2025", "numero": "12", "tipo__sigla": "REQ", "tipo__descricao": "Requerimento", "autoria": "Odaliana Alves", "texto_original": "http://sapl.pacajus.ce.leg.br/media/sapl/public/materialegislativa/2025/390/req_012-2025.pdf", "ementa": "Requer um polo de lazer com areninha, pra\u00e7a, equipamentos de academia da sa\u00fade, playground, futmesa (concreto) e quiosque para permission\u00e1rio, no bairro Bangu\u00ea 2, precisamente na Rua Maria Am\u00e9lia da Silva em frente a Escola Francisco da Silva Filho."}, {"id": "391", "ano": "2025", "numero": "13", "tipo__sigla": "REQ", "tipo__descricao": "Requerimento", "autoria": "J\u00fanior Aguiar, Eudes Freitas, Odaliana Alves", "texto_original": "http://sapl.pacajus.ce.leg.br/media/sapl/public/materialegislativa/2025/391/req_013-2025.pdf", "ementa": "Requer a constru\u00e7\u00e3o de uma areninha, com pra\u00e7a, playgraund, academia da sa\u00fade e pista de cooper no bairro Cip\u00f3."}, {"id": "392", "ano": "2025", "numero": "14", "tipo__sigla": "REQ", "tipo__descricao": "Requerimento", "autoria": "J\u00fanior Aguiar, Bruninho Figueiredo, Marcelo Confec\u00e7\u00e3o, Odaliana Alves", "texto_original": "http://sapl.pacajus.ce.leg.br/media/sapl/public/materialegislativa/2025/392/req_014-2025.pdf", "ementa": "Requer a pavimenta\u00e7\u00e3o \u00e1sfaltica das ruas que dar acesso ao complexo turistico Beira-A\u00e7ude: Avenida Beira A\u00e7\u00fade, Rua Abrozina Izaac da Silva; Rua Ant\u00f4nio Maciel de Lima; Rua Teodorico Menezes Filho; Rua Miguel Brilhante."}, {"id": "393", "ano": "2025", "numero": "15", "tipo__sigla": "REQ", "tipo__descricao": "Requerimento", "autoria": "Odaliana Alves, Eudes Freitas, J\u00fanior Aguiar", "texto_original": "http://sapl.pacajus.ce.leg.br/media/sapl/public/materialegislativa/2025/393/req_015-2025.pdf", "ementa": "Requer a constru\u00e7\u00e3o de uma creche no bairro Croat\u00e1 Ville."}, {"id": "394", "ano": "2025", "numero": "16", "tipo__sigla": "REQ", "tipo__descricao": "Requerimento", "autoria": "Di\u00ea Silva, Juninho do Gaminha, Odaliana Alves, Ronaldo dos Frios", "texto_original": "http://sapl.pacajus.ce.leg.br/media/sapl/public/materialegislativa/2025/394/req_016-2025.pdf", "ementa": "Requer a reforma do polo de lazer do bairro Coa\u00e7\u00fa."}, {"id": "395", "ano": "2025", "numero": "17", "tipo__sigla": "REQ", "tipo__descricao": "Requerimento", "autoria": "Di\u00ea Silva, Mateus da Itaipaba", "texto_original": "http://sapl.pacajus.ce.leg.br/media/sapl/public/materialegislativa/2025/395/req_017-2025.pdf", "ementa": "Requer a pavimenta\u00e7\u00e3o com intertravado no \u201cBeco dos Caetanos\u201d (rua do posto de sa\u00fade), situado no distrito de Paulic\u00e9ia."}, {"id": "409", "ano": "2025", "numero": "18", "tipo__sigla": "REQ", "tipo__descricao": "Requerimento", "autoria": "Di\u00ea Silva, Eudes Freitas, Juninho do Gaminha, J\u00fanior Aguiar", "texto_original": "http://sapl.pacajus.ce.leg.br/media/sapl/public/materialegislativa/2025/409/req_18.2025.pdf", "ementa": "Requer a reforma da Pra\u00e7a do Bairro Tucum na forma que indica."}, {"id": "408", "ano": "2025", "numero": "19", "tipo__sigla": "REQ", "tipo__descricao": "Requerimento", "autoria": "Di\u00ea Silva, Bruninho Figueiredo, J\u00fanior Aguiar, Marcelo Confec\u00e7\u00e3o, Odaliana Alves", "texto_original": "http://sapl.pacajus.ce.leg.br/media/sapl/public/materialegislativa/2025/408/req_19.2025.pdf", "ementa": "Requer a pavimenta\u00e7\u00e3o asf\u00e1ltica da Rua Roberto J\u00fanior, que liga a Rua Na\u00edde Costa Menezes a Rua L\u00facio Jos\u00e9 de Menezes."}, {"id": "396", "ano": "2025", "numero": "20", "tipo__sigla": "REQ", "tipo__descricao": "Requerimento", "autoria": "Ronaldo dos Frios, Juninho do Gaminha", "texto_original": "http://sapl.pacajus.ce.leg.br/media/sapl/public/materialegislativa/2025/396/req_020-2025.pdf", "ementa": "Requer a aquisi\u00e7\u00e3o de dois carros fossa para o Munic\u00edpio de Pacajus."}, {"id": "397", "ano": "2025", "numero": "21", "tipo__sigla": "REQ", "tipo__descricao": "Requerimento", "autoria": "Ronaldo dos Frios", "texto_original": "http://sapl.pacajus.ce.leg.br/media/sapl/public/materialegislativa/2025/397/req_021-2025.pdf", "ementa": "Requer a compra de dois aparelhos de endoscopia para o Munic\u00edpio de Pacajus."}, {"id": "484", "ano": "2025", "numero": "22", "tipo__sigla": "REQ", "tipo__descricao": "Requerimento", "autoria": "Reginaldo Firmino", "texto_original": "http://sapl.pacajus.ce.leg.br/media/", "ementa": "Solicita que seja constru\u00eddo uma Pra\u00e7a da Inf\u00e2ncia e Juventude no Bairro Bangu\u00ea."}, {"id": "410", "ano": "2025", "numero": "23", "tipo__sigla": "REQ", "tipo__descricao": "Requerimento", "autoria": "J\u00fanior Aguiar", "texto_original": "http://sapl.pacajus.ce.leg.br/media/sapl/public/materialegislativa/2025/410/req_23.2025.pdf", "ementa": "Requer malha asf\u00e1ltica na Rua caminho das Estrelas, onde d\u00e1 acesso ao Bairro Aldeia, situada no bairro Croat\u00e1 II, \u00c1rea Verde."}, {"id": "432", "ano": "2025", "numero": "24", "tipo__sigla": "REQ", "tipo__descricao": "Requerimento", "autoria": "J\u00fanior Aguiar, Ant\u00f4nio Guaran\u00e1, Di\u00ea Silva", "texto_original": "http://sapl.pacajus.ce.leg.br/media/", "ementa": "Requer a constru\u00e7\u00e3o de dois quiosques no complexo Beira\u00e7ude"}, {"id": "411", "ano": "2025", "numero": "25", "tipo__sigla": "REQ", "tipo__descricao": "Requerimento", "autoria": "Eudes Freitas, Mateus da Itaipaba", "texto_original": "http://sapl.pacajus.ce.leg.br/media/sapl/public/materialegislativa/2025/411/req_25.2025.pdf", "ementa": "Requer a constru\u00e7\u00e3o de uma pra\u00e7a com playground, academia da sa\u00fade e um ponto de apoio para atendimento m\u00e9dico na localidade de Jardim Marajoara"}, {"id": "412", "ano": "2025", "numero": "26", "tipo__sigla": "REQ", "tipo__descricao": "Requerimento", "autoria": "Eudes Freitas, Fabi Carvalho", "texto_original": "http://sapl.pacajus.ce.leg.br/media/sapl/public/materialegislativa/2025/412/req_26.2025.pdf", "ementa": "Requer a constru\u00e7\u00e3o de um local adequado para a feira dos animais no terreno do Ibama, que fica localizado no bairro Coa\u00e7\u00fa."}, {"id": "414", "ano": "2025", "numero": "27", "tipo__sigla": "REQ", "tipo__descricao": "Requerimento", "autoria": "J\u00fanior Aguiar, Odaliana Alves", "texto_original": "http://sapl.pacajus.ce.leg.br/media/sapl/public/materialegislativa/2025/414/req_27.2025.pdf", "ementa": "Requer uma malha asf\u00e1ltica, no bairro Cip\u00f3, nas seguintes ruas: Alcir Nogueira Vasconcelos, Lu\u00eds Mendes Xavier, Francisco Mendes Xavier e Rua Lu\u00eds Bento da Costa."}, {"id": "407", "ano": "2025", "numero": "28", "tipo__sigla": "REQ", "tipo__descricao": "Requerimento", "autoria": "J\u00fanior Aguiar", "texto_original": "http://sapl.pacajus.ce.leg.br/media/", "ementa": "Requer a malha asf\u00e1ltica no Bairro Lagoa Seca nas seguintes ruas: Raimundo Paulino da Silva, rua A, Primavera, Danis Charles, F\u00e1bio Conrado de Sousa, e Jo\u00e3o Bernardo da Silva."}, {"id": "417", "ano": "2025", "numero": "29", "tipo__sigla": "REQ", "tipo__descricao": "Requerimento", "autoria": "Juninho do Gaminha", "texto_original": "http://sapl.pacajus.ce.leg.br/media/", "ementa": "Requer a promo\u00e7\u00e3o de atividades f\u00edsicas e esportivas semanais feitas por profissionais de educa\u00e7\u00e3o f\u00edsica nas areninhas e pra\u00e7as dos bairros para fomentar a democratiza\u00e7\u00e3o desses espa\u00e7os e combater o sedentarismo para a melhoria da qualidade de vida de nossas crian\u00e7as, jovens e adultos."}, {"id": "419", "ano": "2025", "numero": "30", "tipo__sigla": "REQ", "tipo__descricao": "Requerimento", "autoria": "Juninho do Gaminha, Di\u00ea Silva", "texto_original": "http://sapl.pacajus.ce.leg.br/media/sapl/public/materialegislativa/2025/419/req_30.2025.pdf", "ementa": "Requer o retorno da obra da Unidade B\u00e1sica de Sa\u00fade do bairro Tucum."}, {"id": "420", "ano": "2025", "numero": "31", "tipo__sigla": "REQ", "tipo__descricao": "Requerimento", "autoria": "Evilazio da Luz, Bruninho Figueiredo, J\u00fanior Aguiar, Mateus da Itaipaba", "texto_original": "http://sapl.pacajus.ce.leg.br/media/sapl/public/materialegislativa/2025/420/req_31.2025.pdf", "ementa": "Requer ao Prefeito de Pacajus que a Escola Francisco Cosmo da Silva na localidade de Umari deixe de ser Anexo da Escola Nazar\u00e9 Farias de Lima do Distrito de Itaipaba; que passe para ser uma Escola Integral Francisco Cosmo da Silva, com o seguinte corpo t\u00e9cnico, diretoria, coordena\u00e7\u00e3o pedag\u00f3gica, secret\u00e1rio escolar e auxiliar administrativo."}, {"id": "421", "ano": "2025", "numero": "32", "tipo__sigla": "REQ", "tipo__descricao": "Requerimento", "autoria": "Ronaldo dos Frios, Juninho do Gaminha, Marcelo Confec\u00e7\u00e3o", "texto_original": "http://sapl.pacajus.ce.leg.br/media/sapl/public/materialegislativa/2025/421/req_32.2025.pdf", "ementa": "Requer a reforma da pra\u00e7a da Coab."}, {"id": "423", "ano": "2025", "numero": "33", "tipo__sigla": "REQ", "tipo__descricao": "Requerimento", "autoria": "Ronaldo dos Frios", "texto_original": "http://sapl.pacajus.ce.leg.br/media/sapl/public/materialegislativa/2025/423/req_33.2025.pdf", "ementa": "Requer a reforma da pra\u00e7a do Croat\u00e1 II."}, {"id": "425", "ano": "2025", "numero": "34", "tipo__sigla": "REQ", "tipo__descricao": "Requerimento", "autoria": "Marcelo Confec\u00e7\u00e3o, J\u00fanior Aguiar, Odaliana Alves, Ronaldo dos Frios", "texto_original": "http://sapl.pacajus.ce.leg.br/media/sapl/public/materialegislativa/2025/425/req_34.2025.pdf", "ementa": "Requer a pavimenta\u00e7\u00e3o de pedra tosca ou intertravado nas ruas: Carlito Lopes e Rua Francisco Jos\u00e9 de Queiroz, ambas situadas no bairro Croat\u00e1 II ."}, {"id": "485", "ano": "2025", "numero": "35", "tipo__sigla": "REQ", "tipo__descricao": "Requerimento", "autoria": "J\u00fanior Aguiar", "texto_original": "http://sapl.pacajus.ce.leg.br/media/", "ementa": "A cria\u00e7\u00e3o de um espa\u00e7o pra Galera do Grau."}, {"id": "433", "ano": "2025", "numero": "36", "tipo__sigla": "REQ", "tipo__descricao": "Requerimento", "autoria": "J\u00fanior Aguiar", "texto_original": "http://sapl.pacajus.ce.leg.br/media/", "ementa": "Requer a reforma do chafariz da Lagoa Seca"}, {"id": "434", "ano": "2025", "numero": "37", "tipo__sigla": "REQ", "tipo__descricao": "Requerimento", "autoria": "Mateus da Itaipaba, Eudes Freitas, Evilazio da Luz", "texto_original": "http://sapl.pacajus.ce.leg.br/media/", "ementa": "Requer areforma da pra\u00e7a Edmundo Teixeira Lima e pra\u00e7a da igreja cat\u00f3lica no distrito de Itaipaba."}, {"id": "487", "ano": "2025", "numero": "38", "tipo__sigla": "REQ", "tipo__descricao": "Requerimento", "autoria": "Mateus da Itaipaba", "texto_original": "http://sapl.pacajus.ce.leg.br/media/", "ementa": "A reforma da Pra\u00e7a de Eventos na Rua Amilton Nogueira de Castro no Distrito de Itaipaba."}, {"id": "488", "ano": "2025", "numero": "39", "tipo__sigla": "REQ", "tipo__descricao": "Requerimento", "autoria": "Mateus da Itaipaba", "texto_original": "http://sapl.pacajus.ce.leg.br/media/", "ementa": "A reforma da Pra\u00e7a da Rua do Fogo no Distrito de Itaipaba."}, {"id": "489", "ano": "2025", "numero": "40", "tipo__sigla": "REQ", "tipo__descricao": "Requerimento", "autoria": "Mateus da Itaipaba, Evilazio da Luz", "texto_original": "http://sapl.pacajus.ce.leg.br/media/sapl/public/materialegislativa/2025/489/req_040-2025.pdf", "ementa": "Requer a reforma das bases dos seguintes po\u00e7os, Professor Chico da Alice, Po\u00e7o do Josa Carna\u00fabas, Po\u00e7o das Areias na localidade de Itaipava, e do Po\u00e7o do Berico na localidade de Umari."}, {"id": "424", "ano": "2025", "numero": "41", "tipo__sigla": "REQ", "tipo__descricao": "Requerimento", "autoria": "Carlinhos da Aldeia, Marcelo Confec\u00e7\u00e3o, Odaliana Alves", "texto_original": "http://sapl.pacajus.ce.leg.br/media/sapl/public/materialegislativa/2025/424/req_41.2025.pdf", "ementa": "Requer a malha asf\u00e1ltica na continua\u00e7\u00e3o da Rua Na\u00edde Costa Menezes (depois do Col\u00e9gio Herm\u00ednia Mendon\u00e7a/ em frente ao Z\u00e9 C\u00edcero at\u00e9 o Parque do Roberto)."}, {"id": "422", "ano": "2025", "numero": "42", "tipo__sigla": "REQ", "tipo__descricao": "Requerimento", "autoria": "Carlinhos da Aldeia, Marcelo Confec\u00e7\u00e3o, Odaliana Alves", "texto_original": "http://sapl.pacajus.ce.leg.br/media/sapl/public/materialegislativa/2025/422/req_42.2025.pdf", "ementa": "Requer uma areninha esportiva, uma pra\u00e7a e uma academia da sa\u00fade no bairro Aldeia, na forma que indica."}, {"id": "418", "ano": "2025", "numero": "43", "tipo__sigla": "REQ", "tipo__descricao": "Requerimento", "autoria": "Fabi Carvalho, J\u00fanior Aguiar", "texto_original": "http://sapl.pacajus.ce.leg.br/media/sapl/public/materialegislativa/2025/418/req_43.2025.pdf", "ementa": "Requer a duplica\u00e7\u00e3o das duas principais entradas da Sede do Munic\u00edpio de Pacajus na forma que indica."}, {"id": "416", "ano": "2025", "numero": "44", "tipo__sigla": "REQ", "tipo__descricao": "Requerimento", "autoria": "Evilazio da Luz", "texto_original": "http://sapl.pacajus.ce.leg.br/media/sapl/public/materialegislativa/2025/416/req_44.2025.pdf", "ementa": "Requer a pavimenta\u00e7\u00e3o das ruas Umari do Meio, Umari de Baixo e entrada da Rua Curimat\u00e3, ambas na Localidade de Umari na forma que indica."}, {"id": "415", "ano": "2025", "numero": "45", "tipo__sigla": "REQ", "tipo__descricao": "Requerimento", "autoria": "Odaliana Alves, Fabi Carvalho", "texto_original": "http://sapl.pacajus.ce.leg.br/media/sapl/public/materialegislativa/2025/415/req_45.2025.pdf", "ementa": "Requer a cria\u00e7\u00e3o da Casa da Mulher de Pacajus na forma que indica."}, {"id": "413", "ano": "2025", "numero": "46", "tipo__sigla": "REQ", "tipo__descricao": "Requerimento", "autoria": "Marcelo Confec\u00e7\u00e3o, Ronaldo dos Frios", "texto_original": "http://sapl.pacajus.ce.leg.br/media/sapl/public/materialegislativa/2025/413/req_46.2025.pdf", "ementa": "Requer a reforma da Academia Popular que fica situado ao lado do Posto de Sa\u00fade do Croat\u00e1 II."}, {"id": "436", "ano": "2025", "numero": "47", "tipo__sigla": "REQ", "tipo__descricao": "Requerimento", "autoria": "Odaliana Alves", "texto_original": "http://sapl.pacajus.ce.leg.br/media/", "ementa": "Requer a reconstru\u00e7\u00e3o do chafariz que fica localizado na rua Em\u00edlio Lopes Neto, Bairro Croat\u00e1 I."}, {"id": "435", "ano": "2025", "numero": "48", "tipo__sigla": "REQ", "tipo__descricao": "Requerimento", "autoria": "Odaliana Alves", "texto_original": "http://sapl.pacajus.ce.leg.br/media/", "ementa": "Requer a concess\u00e3o do valor adicional de insalubridade para t\u00e9cnicos de enfermagem e t\u00e9cnicos de sa\u00fade bucal das UBS."}, {"id": "437", "ano": "2025", "numero": "49", "tipo__sigla": "REQ", "tipo__descricao": "Requerimento", "autoria": "Did\u00e3o, Fabi Carvalho, Juninho do Gaminha, J\u00fanior Aguiar, Mateus da Itaipaba", "texto_original": "http://sapl.pacajus.ce.leg.br/media/", "ementa": "Solicita vale refei\u00e7\u00e3o para Garis efetivos e contratados"}, {"id": "478", "ano": "2025", "numero": "50", "tipo__sigla": "REQ", "tipo__descricao": "Requerimento", "autoria": "Di\u00ea Silva, Eudes Freitas", "texto_original": "http://sapl.pacajus.ce.leg.br/media/sapl/public/materialegislativa/2025/478/req_050-2025.pdf", "ementa": "Solicito a continua\u00e7\u00e3o da pavimenta\u00e7\u00e3o das Ruas do Bairro Tucum."}, {"id": "438", "ano": "2025", "numero": "51", "tipo__sigla": "REQ", "tipo__descricao": "Requerimento", "autoria": "Ronaldo dos Frios", "texto_original": "http://sapl.pacajus.ce.leg.br/media/", "ementa": "Requer a pavimenta\u00e7\u00e3o com malha asf\u00e1ltica das ruas Francisco Jos\u00e9 de Sousa e Raimundo Sousa Falc\u00e3o no bairro Croat\u00e1 II."}, {"id": "439", "ano": "2025", "numero": "52", "tipo__sigla": "REQ", "tipo__descricao": "Requerimento", "autoria": "Ronaldo dos Frios", "texto_original": "http://sapl.pacajus.ce.leg.br/media/", "ementa": "Requer a pavimenta\u00e7\u00e3o com malha asf\u00e1ltica das ruas Ant\u00f4nio de Deus, Frei Ant\u00f4nio, Justiniano R\u00eago, Jos\u00e9 Laurindo e Acelino Nogueira, situadas no bairro Croat\u00e1 I."}, {"id": "440", "ano": "2025", "numero": "53", "tipo__sigla": "REQ", "tipo__descricao": "Requerimento", "autoria": "Bruninho Figueiredo", "texto_original": "http://sapl.pacajus.ce.leg.br/media/", "ementa": "Requer a amplia\u00e7\u00e3o das modalidades esportivas controladas no projeto Pacajus Ol\u00edmpico, incluindo esportes n\u00e3o Ol\u00edmpicos, para incentivo de maior n\u00famero de atletas no munic\u00edpio"}, {"id": "441", "ano": "2025", "numero": "54", "tipo__sigla": "REQ", "tipo__descricao": "Requerimento", "autoria": "Di\u00ea Silva", "texto_original": "http://sapl.pacajus.ce.leg.br/media/", "ementa": "Requer a pavimenta\u00e7\u00e3o em pedra tosca ou intertravado da Rua Manoel Felipe no Bairro Buriti."}, {"id": "442", "ano": "2025", "numero": "55", "tipo__sigla": "REQ", "tipo__descricao": "Requerimento", "autoria": "Di\u00ea Silva, Evilazio da Luz", "texto_original": "http://sapl.pacajus.ce.leg.br/media/", "ementa": "Requer a aquisi\u00e7\u00e3o de carro pr\u00f3prio para uso exclusivo dos pacientes que faz hemodi\u00e1lise."}, {"id": "443", "ano": "2025", "numero": "56", "tipo__sigla": "REQ", "tipo__descricao": "Requerimento", "autoria": "Eudes Freitas", "texto_original": "http://sapl.pacajus.ce.leg.br/media/", "ementa": "Requer a pavimenta\u00e7\u00e3o em bloquete na rua Manoel Domingos, bairro Aldeia Parque"}, {"id": "444", "ano": "2025", "numero": "57", "tipo__sigla": "REQ", "tipo__descricao": "Requerimento", "autoria": "Marcelo Confec\u00e7\u00e3o, J\u00fanior Aguiar", "texto_original": "http://sapl.pacajus.ce.leg.br/media/", "ementa": "Requer a pavimenta\u00e7\u00e3o asf\u00e1ltica das seguintes ruas da \u00c1rea Verde e Croata II: Rua Edilson da Silva Falc\u00e3o; Rua Raimundo Caetano; Rua Dion\u00edsio Mendes da Costa, Rua Raimundo Ferreira de Sousa, Rua Maristela Queiroz Ferreira, Rua Edivan Alves Pereira, Rua Francisco Jeovane S\u00e3o Costa, Rua Jo\u00e3o Batista Neto; Rua Maria Id\u00eania, Rua Maria Ang\u00e9lica da Silva, Rua Vanderlan Gomes Vieira, Rua Francisca Maria da Costa e Rua Dr. Jos\u00e9 Ab\u00edlio."}, {"id": "445", "ano": "2025", "numero": "58", "tipo__sigla": "REQ", "tipo__descricao": "Requerimento", "autoria": "Fabi Carvalho, Ant\u00f4nio Guaran\u00e1, Did\u00e3o, J\u00fanior Aguiar, Odaliana Alves", "texto_original": "http://sapl.pacajus.ce.leg.br/media/", "ementa": "Requer a revitaliza\u00e7\u00e3o do Centro Comercial do Munic\u00edpio de Pacajus-Ce."}, {"id": "446", "ano": "2025", "numero": "59", "tipo__sigla": "REQ", "tipo__descricao": "Requerimento", "autoria": "Marcelo Confec\u00e7\u00e3o", "texto_original": "http://sapl.pacajus.ce.leg.br/media/", "ementa": "Requer a reforma da obra inacabada no Posto do bairro Croata I."}, {"id": "458", "ano": "2025", "numero": "60", "tipo__sigla": "REQ", "tipo__descricao": "Requerimento", "autoria": "Mateus da Itaipaba", "texto_original": "http://sapl.pacajus.ce.leg.br/media/", "ementa": "Requer a pavimenta\u00e7\u00e3o em pedra tosca nas ruas Jos\u00e9 Luiz da Silva, Francisco Marcos Pereira, vereador Jos\u00e9 Muniz e Travessa Francisco Marcos, situadas no Bairro Burit\u00ed."}, {"id": "457", "ano": "2025", "numero": "61", "tipo__sigla": "REQ", "tipo__descricao": "Requerimento", "autoria": "Evilazio da Luz", "texto_original": "http://sapl.pacajus.ce.leg.br/media/", "ementa": "Rquer a pavimenta\u00e7\u00e3o em Pedra Tosca nas Ruas: Rua do Campo, Rua do Billu e Rua Justino Soares. Ambas no Bairro Curimat\u00e3, tamb\u00e9m conhecido como Mulambal na  forma que indica."}, {"id": "459", "ano": "2025", "numero": "62", "tipo__sigla": "REQ", "tipo__descricao": "Requerimento", "autoria": "Ronaldo dos Frios", "texto_original": "http://sapl.pacajus.ce.leg.br/media/", "ementa": "Requer a reforma do chafariz dos Caponga, que fica localizado na Rua Tabeli\u00e3o Jos\u00e9 Gama Filho na  forma que indica."}, {"id": "479", "ano": "2025", "numero": "63", "tipo__sigla": "REQ", "tipo__descricao": "Requerimento", "autoria": "Ronaldo dos Frios, Juninho do Gaminha", "texto_original": "http://sapl.pacajus.ce.leg.br/media/sapl/public/materialegislativa/2025/479/req_063-2025.pdf", "ementa": "Requer a constru\u00e7\u00e3o de uma Areninha no Bairro Ded\u00e9 Gama ou Coab."}, {"id": "460", "ano": "2025", "numero": "64", "tipo__sigla": "REQ", "tipo__descricao": "Requerimento", "autoria": "Juninho do Gaminha", "texto_original": "http://sapl.pacajus.ce.leg.br/media/", "ementa": "Requer a retomada da obra da rodovi\u00e1ria na  forma que indica."}, {"id": "480", "ano": "2025", "numero": "65", "tipo__sigla": "REQ", "tipo__descricao": "Requerimento", "autoria": "J\u00fanior Aguiar", "texto_original": "http://sapl.pacajus.ce.leg.br/media/sapl/public/materialegislativa/2025/480/req_065-2025.pdf", "ementa": "Requer urbaniza\u00e7\u00e3o do Canal localizado no Bairro Ded\u00e9 Gama, sendo este espa\u00e7o com playgraound, academia da sa\u00fade, quiosque e pista de cooper."}, {"id": "461", "ano": "2025", "numero": "66", "tipo__sigla": "REQ", "tipo__descricao": "Requerimento", "autoria": "Ant\u00f4nio Guaran\u00e1, Odaliana Alves, Ronaldo dos Frios", "texto_original": "http://sapl.pacajus.ce.leg.br/media/", "ementa": "Requer a malha asf\u00e1ltica da rua Maria Luiza Costa Freitas (Beco da Maria Grossa) incluido as travessas, no bairro Croat\u00e1 1 na forma que indica."}, {"id": "481", "ano": "2025", "numero": "67", "tipo__sigla": "REQ", "tipo__descricao": "Requerimento", "autoria": "Ant\u00f4nio Guaran\u00e1, Did\u00e3o, Di\u00ea Silva", "texto_original": "http://sapl.pacajus.ce.leg.br/media/sapl/public/materialegislativa/2025/481/req_067-2025.pdf", "ementa": "Requer a reforma emergencial do Gin\u00e1sio municipal de Pacajus."}, {"id": "462", "ano": "2025", "numero": "68", "tipo__sigla": "REQ", "tipo__descricao": "Requerimento", "autoria": "Bruninho Figueiredo", "texto_original": "http://sapl.pacajus.ce.leg.br/media/", "ementa": "Requer o retorno da realiza\u00e7\u00e3o de partos ces\u00e1reos na maternidade do Hospital Municipal Jos\u00e9 Maria Philomeno Gomes."}, {"id": "463", "ano": "2025", "numero": "69", "tipo__sigla": "REQ", "tipo__descricao": "Requerimento", "autoria": "Bruninho Figueiredo", "texto_original": "http://sapl.pacajus.ce.leg.br/media/", "ementa": "Requer informa\u00e7\u00f5es e provid\u00eancias para o retorno do m\u00e9dico pediatra Dr. Douglas Di\u00f3genes ao Posto de Sa\u00fade do Centro e \u00e0 Maternidade do Hospital Municipal Jos\u00e9 Maria Philomeno Gomes."}, {"id": "465", "ano": "2025", "numero": "70", "tipo__sigla": "REQ", "tipo__descricao": "Requerimento", "autoria": "Did\u00e3o", "texto_original": "http://sapl.pacajus.ce.leg.br/media/sapl/public/materialegislativa/2025/465/req_070-2025.pdf", "ementa": "Requer ao poder executivo um levantamento das ruas que se encontra sem identifica\u00e7\u00e3o, e ap\u00f3s a conclus\u00e3o colocar placas de identifica\u00e7\u00e3o nas que se encontram sem"}, {"id": "466", "ano": "2025", "numero": "71", "tipo__sigla": "REQ", "tipo__descricao": "Requerimento", "autoria": "Juninho do Gaminha", "texto_original": "http://sapl.pacajus.ce.leg.br/media/sapl/public/materialegislativa/2025/466/req_071-2025.pdf", "ementa": "Requer a revitaliza\u00e7\u00e3o do cal\u00e7amento da Rua Miguel Pontes que fica localizada no Bairro Pedra Branca."}, {"id": "467", "ano": "2025", "numero": "72", "tipo__sigla": "REQ", "tipo__descricao": "Requerimento", "autoria": "Evilazio da Luz, Ronaldo dos Frios", "texto_original": "http://sapl.pacajus.ce.leg.br/media/sapl/public/materialegislativa/2025/467/req_072-2025.pdf", "ementa": "Requer a pavimenta\u00e7\u00e3o em pedra tosca nas ruas Bernoa Ferreira, Trav. Am\u00e9lia, Rua C\u00edcero Gama e Rua Ana Gama, no Bairro Ded\u00e9 Gama."}, {"id": "468", "ano": "2025", "numero": "73", "tipo__sigla": "REQ", "tipo__descricao": "Requerimento", "autoria": "Carlinhos da Aldeia, Did\u00e3o", "texto_original": "http://sapl.pacajus.ce.leg.br/media/sapl/public/materialegislativa/2025/468/req_073-2025.pdf", "ementa": "Requer a reconstru\u00e7\u00e3o do Chafariz da Rua Jos\u00e9 dos Santos Gir\u00e3o no Bairro Aldeia Park."}, {"id": "469", "ano": "2025", "numero": "74", "tipo__sigla": "REQ", "tipo__descricao": "Requerimento", "autoria": "Carlinhos da Aldeia, Marcelo Confec\u00e7\u00e3o", "texto_original": "http://sapl.pacajus.ce.leg.br/media/sapl/public/materialegislativa/2025/469/req_074-2025.pdf", "ementa": "Requer a pavimenta\u00e7\u00e3o com intertravado das Ruas Jamile; Rua Pequeno Alexandre; Rua Menino Jesus. Rua Adriano Cardoso e Travessa Deusiano no Bairro Aldeia."}, {"id": "483", "ano": "2025", "numero": "75", "tipo__sigla": "REQ", "tipo__descricao": "Requerimento", "autoria": "Fabi Carvalho, Ant\u00f4nio Guaran\u00e1, Carlinhos da Aldeia, Di\u00ea Silva, Eudes Freitas, J\u00fanior Aguiar, Marcelo Confec\u00e7\u00e3o, Odaliana Alves", "texto_original": "http://sapl.pacajus.ce.leg.br/media/sapl/public/materialegislativa/2025/483/req_075-2025_2.pdf", "ementa": "Requer a  revitaliza\u00e7\u00e3o da Avenida Lucio Jos\u00e9 Menezes no Munic\u00edpio de Pacajus - Ce."}, {"id": "486", "ano": "2025", "numero": "76", "tipo__sigla": "REQ", "tipo__descricao": "Requerimento", "autoria": "Eudes Freitas, Ronaldo dos Frios", "texto_original": "http://sapl.pacajus.ce.leg.br/media/sapl/public/materialegislativa/2025/486/req_076-2025.pdf", "ementa": "Requer a constru\u00e7\u00e3o de Uma Areninha no Bairro Buriti dos Esmeros."}, {"id": "490", "ano": "2025", "numero": "77", "tipo__sigla": "REQ", "tipo__descricao": "Requerimento", "autoria": "Evilazio da Luz", "texto_original": "http://sapl.pacajus.ce.leg.br/media/", "ementa": "Requer a reabertura do Col\u00e9gio Raimundo Santos que fixa na localidade Tiririca."}, {"id": "491", "ano": "2025", "numero": "78", "tipo__sigla": "REQ", "tipo__descricao": "Requerimento", "autoria": "J\u00fanior Aguiar", "texto_original": "http://sapl.pacajus.ce.leg.br/media/", "ementa": "Requer uma Avenida na Localidade de Limoeiro."}, {"id": "492", "ano": "2025", "numero": "79", "tipo__sigla": "REQ", "tipo__descricao": "Requerimento", "autoria": "J\u00fanior Aguiar", "texto_original": "http://sapl.pacajus.ce.leg.br/media/", "ementa": "Requer as placas de estacionamento para os frentistas em frente a Zenir."}, {"id": "493", "ano": "2025", "numero": "80", "tipo__sigla": "REQ", "tipo__descricao": "Requerimento", "autoria": "Mateus da Itaipaba, Bruninho Figueiredo, Eudes Freitas, Juninho do Gaminha, Odaliana Alves", "texto_original": "http://sapl.pacajus.ce.leg.br/media/", "ementa": "Requer Pavimenta\u00e7\u00e3o em pedra tosca ou intertravados na Rua Bernardo Victor de Lima no Bairro Pedra Branca."}, {"id": "494", "ano": "2025", "numero": "81", "tipo__sigla": "REQ", "tipo__descricao": "Requerimento", "autoria": "Di\u00ea Silva, Ant\u00f4nio Guaran\u00e1, Evilazio da Luz, J\u00fanior Aguiar", "texto_original": "http://sapl.pacajus.ce.leg.br/media/", "ementa": "Requer que o munic\u00edpio disponibilize as m\u00e1quinas (retroescavadeira) para passar nas estradas que tenha a necessidade por falta de pavimenta\u00e7\u00e3o."}, {"id": "495", "ano": "2025", "numero": "82", "tipo__sigla": "REQ", "tipo__descricao": "Requerimento", "autoria": "Odaliana Alves, J\u00fanior Aguiar, Marcelo Confec\u00e7\u00e3o", "texto_original": "http://sapl.pacajus.ce.leg.br/media/", "ementa": "Requer a manuten\u00e7\u00e3o das Areninhas dos Bairros: Croat\u00e1 2, Boa Vista, Lagoa Seca, Bangu\u00ea e Beira A\u00e7ude."}, {"id": "499", "ano": "2025", "numero": "83", "tipo__sigla": "REQ", "tipo__descricao": "Requerimento", "autoria": "Marcelo Confec\u00e7\u00e3o, Fabi Carvalho", "texto_original": "http://sapl.pacajus.ce.leg.br/media/", "ementa": "Solicito ao Sr prefeito que seja implantado no plano anual  da secretaria de educa\u00e7\u00e3o o curso de capacita\u00e7\u00e3o em primeiros socorros e brigada de inc\u00eandio para  todos os profissionais da educa\u00e7\u00e3o, como tamb\u00e9m que seja atendido a obrigatoriedade de extintores nas escolas e creche de nossa cidade."}, {"id": "500", "ano": "2025", "numero": "84", "tipo__sigla": "REQ", "tipo__descricao": "Requerimento", "autoria": "Marcelo Confec\u00e7\u00e3o", "texto_original": "http://sapl.pacajus.ce.leg.br/media/", "ementa": "Solicito \u00e0 Secretaria da Infraestrutura os reparos da Ilumina\u00e7\u00e3o P\u00fablica dos Bairros: Croat\u00e1 II, \u00c1rea Verde e Caminho das Estrelas"}, {"id": "501", "ano": "2025", "numero": "85", "tipo__sigla": "REQ", "tipo__descricao": "Requerimento", "autoria": "Bruninho Figueiredo", "texto_original": "http://sapl.pacajus.ce.leg.br/media/", "ementa": "Solicita ao Poder Executivo o envio de Projeto de Lei para reajuste salarial dos profissionais da Cl\u00ednica de Reabilita\u00e7\u00e3o do Munic\u00edpio."}, {"id": "507", "ano": "2025", "numero": "86", "tipo__sigla": "REQ", "tipo__descricao": "Requerimento", "autoria": "Fabi Carvalho", "texto_original": "http://sapl.pacajus.ce.leg.br/media/", "ementa": "Requer a Revitaliza\u00e7\u00e3o da Rua Tabeli\u00e3o Jos\u00e9 Gama Filho no Munic\u00edpio de Pacajus-Ce."}, {"id": "509", "ano": "2025", "numero": "87", "tipo__sigla": "REQ", "tipo__descricao": "Requerimento", "autoria": "Bruninho Figueiredo", "texto_original": "http://sapl.pacajus.ce.leg.br/media/", "ementa": "Solicita a efetiva\u00e7\u00e3o da mudan\u00e7a para o novo espa\u00e7o da CAF e do Centro de Reabilita\u00e7\u00e3o."}, {"id": "511", "ano": "2025", "numero": "88", "tipo__sigla": "REQ", "tipo__descricao": "Requerimento", "autoria": "Eudes Freitas, Odaliana Alves", "texto_original": "http://sapl.pacajus.ce.leg.br/media/", "ementa": "Requer que seja feito o piso em intertravado no espa\u00e7o entre as barracas e a margem do A\u00e7ude Erer\u00ea, no Complexo  Tur\u00edstico Beira A\u00e7ude."}, {"id": "513", "ano": "2025", "numero": "89", "tipo__sigla": "REQ", "tipo__descricao": "Requerimento", "autoria": "J\u00fanior Aguiar", "texto_original": "http://sapl.pacajus.ce.leg.br/media/", "ementa": "Requer a Pavimenta\u00e7\u00e3o em Pedra Tosca ou Intertravado na Rua Raimundo Ven\u00e2ncio de Paula, no Bairro Pedra Branca."}, {"id": "514", "ano": "2025", "numero": "90", "tipo__sigla": "REQ", "tipo__descricao": "Requerimento", "autoria": "Ronaldo dos Frios", "texto_original": "http://sapl.pacajus.ce.leg.br/media/", "ementa": "Requer que seja implantado no Complexo Tur\u00edstico Beira A\u00e7ude, uma cabine/container para Guarda Municipal/ Policia Militar realizar monitoramento e seguran\u00e7a do local."}, {"id": "522", "ano": "2025", "numero": "91", "tipo__sigla": "REQ", "tipo__descricao": "Requerimento", "autoria": "Marcelo Confec\u00e7\u00e3o", "texto_original": "http://sapl.pacajus.ce.leg.br/media/", "ementa": "Requer a Retomada da Obra do Cacimb\u00e3o."}, {"id": "524", "ano": "2025", "numero": "92", "tipo__sigla": "REQ", "tipo__descricao": "Requerimento", "autoria": "Di\u00ea Silva", "texto_original": "http://sapl.pacajus.ce.leg.br/media/", "ementa": "Requer a introdu\u00e7\u00e3o de manilhas na rua Tabeli\u00e3o Jos\u00e9 Gama Filho (em frente a oficina do Pretinho)"}, {"id": "529", "ano": "2025", "numero": "93", "tipo__sigla": "REQ", "tipo__descricao": "Requerimento", "autoria": "Juninho do Gaminha", "texto_original": "http://sapl.pacajus.ce.leg.br/media/", "ementa": "Requer a Pavimenta\u00e7\u00e3o em Pedra Tosca da Rua Francisca Maria de Oliveira no Bangu\u00ea 1."}, {"id": "530", "ano": "2025", "numero": "94", "tipo__sigla": "REQ", "tipo__descricao": "Requerimento", "autoria": "Di\u00ea Silva", "texto_original": "http://sapl.pacajus.ce.leg.br/media/", "ementa": "Requer que o Poder Executivo Crie dentro da Secret\u00e1ria de Meio Ambiente ou na Secret\u00e1ria Municipal de Sa\u00fade uma Coordena\u00e7\u00e3o voltada para as demandas dos animais da nossa cidade."}, {"id": "531", "ano": "2025", "numero": "95", "tipo__sigla": "REQ", "tipo__descricao": "Requerimento", "autoria": "Odaliana Alves", "texto_original": "http://sapl.pacajus.ce.leg.br/media/", "ementa": "Requer a reforma dos quatro quiosques do Complexo Tur\u00edstico Beira\u00e7ude"}, {"id": "535", "ano": "2025", "numero": "96", "tipo__sigla": "REQ", "tipo__descricao": "Requerimento", "autoria": "Ronaldo dos Frios", "texto_original": "http://sapl.pacajus.ce.leg.br/media/", "ementa": "Requer a pavimenta\u00e7\u00e3o em Intertravados da Rua Vila Diogo no Bairro Buriti dos Esmeros."}, {"id": "537", "ano": "2025", "numero": "97", "tipo__sigla": "REQ", "tipo__descricao": "Requerimento", "autoria": "Reginaldo Firmino", "texto_original": "http://sapl.pacajus.ce.leg.br/media/", "ementa": "Requer a formaliza\u00e7\u00e3o de conv\u00eanio entre o Munic\u00edpio de Pacajus e o Instituto do C\u00e2ncer do Cear\u00e1 (ICC) para que os pacientes oncol\u00f3gicos possam realizar seu tratamento no pr\u00f3prio munic\u00edpio."}, {"id": "538", "ano": "2025", "numero": "98", "tipo__sigla": "REQ", "tipo__descricao": "Requerimento", "autoria": "Marcelo Confec\u00e7\u00e3o", "texto_original": "http://sapl.pacajus.ce.leg.br/media/", "ementa": "Requer a conclus\u00e3o da passagem que d\u00e1 acesso ao Bairro Alto da Boa Vista."}, {"id": "539", "ano": "2025", "numero": "99", "tipo__sigla": "REQ", "tipo__descricao": "Requerimento", "autoria": "J\u00fanior Aguiar", "texto_original": "http://sapl.pacajus.ce.leg.br/media/", "ementa": "Requer o retorno da Constru\u00e7\u00e3o da Avenida Beira A\u00e7ude."}, {"id": "541", "ano": "2025", "numero": "100", "tipo__sigla": "REQ", "tipo__descricao": "Requerimento", "autoria": "Bruninho Figueiredo", "texto_original": "http://sapl.pacajus.ce.leg.br/media/", "ementa": "Solicita a retomada do tempo integral nas escolas e creches que operavam neste regime no ano de 2024."}, {"id": "542", "ano": "2025", "numero": "101", "tipo__sigla": "REQ", "tipo__descricao": "Requerimento", "autoria": "J\u00fanior Aguiar", "texto_original": "http://sapl.pacajus.ce.leg.br/media/", "ementa": "Requer pavimenta\u00e7\u00e3o em intertravado na Rua Chico Joana e Rua Francisco Nogueira de Queiroz no Bairro Bangue 1."}, {"id": "543", "ano": "2025", "numero": "102", "tipo__sigla": "REQ", "tipo__descricao": "Requerimento", "autoria": "J\u00fanior Aguiar", "texto_original": "http://sapl.pacajus.ce.leg.br/media/", "ementa": "Requer a reforma da Escola Pedro Costa no Bairro Buriti."}, {"id": "544", "ano": "2025", "numero": "103", "tipo__sigla": "REQ", "tipo__descricao": "Requerimento", "autoria": "Bruninho Figueiredo", "texto_original": "http://sapl.pacajus.ce.leg.br/media/", "ementa": "Requer a retomada das obras de pavimenta\u00e7\u00e3o com piso intertravado em ruas do bairro Bangu\u00ea."}, {"id": "545", "ano": "2025", "numero": "104", "tipo__sigla": "REQ", "tipo__descricao": "Requerimento", "autoria": "Di\u00ea Silva", "texto_original": "http://sapl.pacajus.ce.leg.br/media/", "ementa": "Requer que o Poder Executivo forne\u00e7a Cursinho Preparat\u00f3rio para o ENEM e Pr\u00e9-Vestibular na rede municipal de ensino."}, {"id": "547", "ano": "2025", "numero": "105", "tipo__sigla": "REQ", "tipo__descricao": "Requerimento", "autoria": "Mateus da Itaipaba", "texto_original": "http://sapl.pacajus.ce.leg.br/media/", "ementa": "Requer a compra de uma Ro\u00e7adeira Articulada para ro\u00e7agem das estradas e rodagens do munic\u00edpio."}, {"id": "548", "ano": "2025", "numero": "106", "tipo__sigla": "REQ", "tipo__descricao": "Requerimento", "autoria": "Mateus da Itaipaba", "texto_original": "http://sapl.pacajus.ce.leg.br/media/", "ementa": "Requer  reforma da Pra\u00e7a Tr\u00eas Cora\u00e7\u00f5es e do Chafariz no Distrito de Pascoal."}, {"id": "549", "ano": "2025", "numero": "107", "tipo__sigla": "REQ", "tipo__descricao": "Requerimento", "autoria": "Did\u00e3o", "texto_original": "http://sapl.pacajus.ce.leg.br/media/", "ementa": "Requer a retomada da pavimenta\u00e7\u00e3o das ruas que liga Bairro Aldeia Park e Bangu\u00ea I , e as que liga o Bairro Olho d`\u00e1gua (antiga Aldeia Park II) e Bangu\u00ea I."}, {"id": "550", "ano": "2025", "numero": "108", "tipo__sigla": "REQ", "tipo__descricao": "Requerimento", "autoria": "Reginaldo Firmino", "texto_original": "http://sapl.pacajus.ce.leg.br/media/", "ementa": "Requer a abertura e amplia\u00e7\u00e3o da Rua Jo\u00e3o Paulo II at\u00e9 a BR-116 no Bairro Tucum."}, {"id": "553", "ano": "2025", "numero": "109", "tipo__sigla": "REQ", "tipo__descricao": "Requerimento", "autoria": "Di\u00ea Silva", "texto_original": "http://sapl.pacajus.ce.leg.br/media/", "ementa": "Requer a constru\u00e7\u00e3o de um centro de especialidades para a sa\u00fade da mulher."}, {"id": "556", "ano": "2025", "numero": "110", "tipo__sigla": "REQ", "tipo__descricao": "Requerimento", "autoria": "Juninho do Gaminha", "texto_original": "http://sapl.pacajus.ce.leg.br/media/", "ementa": "Requer a revitaliza\u00e7\u00e3o da Rua: Manoel Esmero, no Bairro Buriti."}, {"id": "557", "ano": "2025", "numero": "111", "tipo__sigla": "REQ", "tipo__descricao": "Requerimento", "autoria": "Ronaldo dos Frios", "texto_original": "http://sapl.pacajus.ce.leg.br/media/", "ementa": "Requer que a Biometria do Detran seja realizada na Unidade de Pacajus."}, {"id": "558", "ano": "2025", "numero": "112", "tipo__sigla": "REQ", "tipo__descricao": "Requerimento", "autoria": "Juninho do Gaminha", "texto_original": "http://sapl.pacajus.ce.leg.br/media/", "ementa": "Requer a reforma do Chafariz Jos\u00e9 Wilson Chaves no Bairro Bangu\u00ea I, pr\u00f3ximo ao Motel JW."}, {"id": "559", "ano": "2025", "numero": "113", "tipo__sigla": "REQ", "tipo__descricao": "Requerimento", "autoria": "Reginaldo Firmino, Carlinhos da Aldeia, Fabi Carvalho, J\u00fanior Aguiar", "texto_original": "http://sapl.pacajus.ce.leg.br/media/", "ementa": "Requer a constru\u00e7\u00e3o de uma Pra\u00e7a com Areninha, Playground contendo Brinquedos adaptados para pessoas com defici\u00eancia, academia da sa\u00fade no Bairro Cumaru."}, {"id": "566", "ano": "2025", "numero": "114", "tipo__sigla": "REQ", "tipo__descricao": "Requerimento", "autoria": "Evilazio da Luz, Carlinhos da Aldeia", "texto_original": "http://sapl.pacajus.ce.leg.br/media/", "ementa": "Requer ao poder ao executivo um local, na pra\u00e7a do Centro, destinado \u00e0 pr\u00e1tica de Capoeira."}, {"id": "568", "ano": "2025", "numero": "115", "tipo__sigla": "REQ", "tipo__descricao": "Requerimento", "autoria": "Di\u00ea Silva", "texto_original": "http://sapl.pacajus.ce.leg.br/media/", "ementa": "Requer ao Poder Executivo a pavimenta\u00e7\u00e3o asf\u00e1ltica da Rua Jo\u00e3o Carlos da Silva localizada no Bairro Buriti."}, {"id": "569", "ano": "2025", "numero": "116", "tipo__sigla": "REQ", "tipo__descricao": "Requerimento", "autoria": "Fabi Carvalho", "texto_original": "http://sapl.pacajus.ce.leg.br/media/", "ementa": "Requer a constru\u00e7\u00e3o de dois banheiros com acessibilidade na Pra\u00e7a da Cavalaria, no Munic\u00edpio de Pacajus-Ce."}, {"id": "570", "ano": "2025", "numero": "117", "tipo__sigla": "REQ", "tipo__descricao": "Requerimento", "autoria": "Fabi Carvalho", "texto_original": "http://sapl.pacajus.ce.leg.br/media/", "ementa": "Requer a Reforma da Pra\u00e7a da Capela de S\u00e3o Paulo, no Distrito de Paulic\u00e9ia, no Munic\u00edpio de Pacajus - Ce."}, {"id": "573", "ano": "2025", "numero": "118", "tipo__sigla": "REQ", "tipo__descricao": "Requerimento", "autoria": "J\u00fanior Aguiar", "texto_original": "http://sapl.pacajus.ce.leg.br/media/", "ementa": "Requer do Poder Executivo a limpeza da Areninha do Complexo Tur\u00edstico Beira-A\u00e7ude."}, {"id": "579", "ano": "2025", "numero": "119", "tipo__sigla": "REQ", "tipo__descricao": "Requerimento", "autoria": "Bruninho Figueiredo", "texto_original": "http://sapl.pacajus.ce.leg.br/media/", "ementa": "Requer ao poder executivo a limpeza geral e intensiva no Complexo Tur\u00edstico Beira A\u00e7ude."}, {"id": "580", "ano": "2025", "numero": "120", "tipo__sigla": "REQ", "tipo__descricao": "Requerimento", "autoria": "Did\u00e3o, Odaliana Alves", "texto_original": "http://sapl.pacajus.ce.leg.br/media/", "ementa": "Requer do Poder executivo, por meio da Autarquia Municipal de Tr\u00e2nsito, o retorno da M\u00e3o Dupla da Rua Ant\u00f4nio Ferreira dos Santos, popularmente conhecida como Rua Guarany(em toda sua extens\u00e3o). Iniciando na Rua Jos\u00e9 de Sousa Falc\u00e3o."}, {"id": "581", "ano": "2025", "numero": "121", "tipo__sigla": "REQ", "tipo__descricao": "Requerimento", "autoria": "Di\u00ea Silva", "texto_original": "http://sapl.pacajus.ce.leg.br/media/", "ementa": "Requer ao poder executivo que forne\u00e7a ao Munic\u00edpio de Pacajus/CE, forne\u00e7a atrav\u00e9s do Centro de Zoonozes os servi\u00e7os de castra\u00e7\u00e3o e cirurgias para os animais da nossa cidade."}, {"id": "582", "ano": "2025", "numero": "122", "tipo__sigla": "REQ", "tipo__descricao": "Requerimento", "autoria": "Fabi Carvalho", "texto_original": "http://sapl.pacajus.ce.leg.br/media/", "ementa": "Requer ao poder executivo a constru\u00e7\u00e3o de um Polo de Lazer para o Condominio Telma fonteles no Bairro Pedra Branca."}, {"id": "585", "ano": "2025", "numero": "123", "tipo__sigla": "REQ", "tipo__descricao": "Requerimento", "autoria": "J\u00fanior Aguiar", "texto_original": "http://sapl.pacajus.ce.leg.br/media/", "ementa": "Requer ao poder executivo a inclus\u00e3o de rota escolar para os alunos da Escola Jo\u00e3o Ronaldo e Creche Maria Regilane que reside nos Bairros  Croat\u00e1 /Cip\u00f3 e Croat\u00e1 Ville."}, {"id": "587", "ano": "2025", "numero": "124", "tipo__sigla": "REQ", "tipo__descricao": "Requerimento", "autoria": "Marcelo Confec\u00e7\u00e3o", "texto_original": "http://sapl.pacajus.ce.leg.br/media/", "ementa": "Requer ao Poder Executivo a pavimenta\u00e7\u00e3o em pedra tosca ou intertravado na Vila Boz\u00f3 localizado na Cavalaria."}, {"id": "590", "ano": "2025", "numero": "125", "tipo__sigla": "REQ", "tipo__descricao": "Requerimento", "autoria": "J\u00fanior Aguiar", "texto_original": "http://sapl.pacajus.ce.leg.br/media/", "ementa": "Requer a reforma do Est\u00e1dio Municipal Jo\u00e3o Ronaldo."}, {"id": "592", "ano": "2025", "numero": "127", "tipo__sigla": "REQ", "tipo__descricao": "Requerimento", "autoria": "Eudes Freitas", "texto_original": "http://sapl.pacajus.ce.leg.br/media/", "ementa": "Requer um paliativo em todas as estradas de ch\u00e3o da Mangabeira, Jardim marajoara, e chor\u00f3  S\u00e3o Paulo."}, {"id": "593", "ano": "2025", "numero": "128", "tipo__sigla": "REQ", "tipo__descricao": "Requerimento", "autoria": "Fabi Carvalho, Did\u00e3o, Evilazio da Luz, Odaliana Alves", "texto_original": "http://sapl.pacajus.ce.leg.br/media/", "ementa": "Requer a reforma da UBS Quilombola da Base"}, {"id": "594", "ano": "2025", "numero": "129", "tipo__sigla": "REQ", "tipo__descricao": "Requerimento", "autoria": "Bruninho Figueiredo", "texto_original": "http://sapl.pacajus.ce.leg.br/media/", "ementa": "Requer a revitaliza\u00e7\u00e3o completa da Pra\u00e7a F\u00e9lix Nogueira de Menezes, localizada entre a Av. Naide Costa Menezes e a Rua Joana Menezes, no centro da cidade de Pacajus"}, {"id": "595", "ano": "2025", "numero": "130", "tipo__sigla": "REQ", "tipo__descricao": "Requerimento", "autoria": "Bruninho Figueiredo", "texto_original": "http://sapl.pacajus.ce.leg.br/media/", "ementa": "Requer a constru\u00e7\u00e3o de uma quadra poliesportiva na Escola Maria do Carmo de Souza Lopes, situada na comunidade da Cavalaria."}, {"id": "596", "ano": "2025", "numero": "131", "tipo__sigla": "REQ", "tipo__descricao": "Requerimento", "autoria": "Odaliana Alves", "texto_original": "http://sapl.pacajus.ce.leg.br/media/", "ementa": "Requer ao poder Executivo a reforma de todos os pontos dos mototaxistas."}, {"id": "598", "ano": "2025", "numero": "132", "tipo__sigla": "REQ", "tipo__descricao": "Requerimento", "autoria": "Did\u00e3o", "texto_original": "http://sapl.pacajus.ce.leg.br/media/", "ementa": "Requer  a constru\u00e7\u00e3o de um p\u00f3lo de lazer no terreno que fica localizado em frente ao  CEII Maria Leny."}, {"id": "604", "ano": "2025", "numero": "133", "tipo__sigla": "REQ", "tipo__descricao": "Requerimento", "autoria": "Ronaldo dos Frios, Eudes Freitas, Odaliana Alves", "texto_original": "http://sapl.pacajus.ce.leg.br/media/", "ementa": "Requer ao Poder executivo Malha asf\u00e1ltica nas seguintes ruas: Rua Lu\u00edza Braga, Rua Ant\u00f4nio de Deus, Rua Justiniano Rego, Rua Frei Ant\u00f4nio, Rua Jos\u00e9 Laurindo e Rua Acelino Nogueira,todas situadas no Bairro Croat\u00e1 I."}, {"id": "605", "ano": "2025", "numero": "134", "tipo__sigla": "REQ", "tipo__descricao": "Requerimento", "autoria": "Odaliana Alves", "texto_original": "http://sapl.pacajus.ce.leg.br/media/", "ementa": "Requer a troca do motor do chafariz e a manuten\u00e7\u00e3o da caixa d'\u00e1gua na Rua. Raimundo de lima, vizinho ao n\u00famero 90 no bairro buriti dos esmeros -(chafariz do macaco)."}, {"id": "606", "ano": "2025", "numero": "135", "tipo__sigla": "REQ", "tipo__descricao": "Requerimento", "autoria": "Ronaldo dos Frios, J\u00fanior Aguiar", "texto_original": "http://sapl.pacajus.ce.leg.br/media/", "ementa": "Requer ao Poder Executivo a pavimenta\u00e7\u00e3o em Pedra tosca  ou intertravado nas seguintes ruas: Rua C\u00edcero Gama de Queiroz, Rua Francisco Carneiro Gir\u00e3o, Rua Luiza Helena da Silva, Rua Benoar Ferreira e Rua Ana Gama, todas situadas no Planalto Ded\u00e9 Gama."}, {"id": "607", "ano": "2025", "numero": "136", "tipo__sigla": "REQ", "tipo__descricao": "Requerimento", "autoria": "J\u00fanior Aguiar", "texto_original": "http://sapl.pacajus.ce.leg.br/media/", "ementa": "Requer a pavimenta\u00e7\u00e3o com intertravado na Rua denominada por Rua Francisco Ferreira Lima, que se inicia na Rua Manoel Flor\u00eancio Filho e termina na Rua Projetada, no Bairro Buriti."}, {"id": "609", "ano": "2025", "numero": "137", "tipo__sigla": "REQ", "tipo__descricao": "Requerimento", "autoria": "J\u00fanior Aguiar", "texto_original": "http://sapl.pacajus.ce.leg.br/media/", "ementa": "Requer a constru\u00e7\u00e3o de uma Pra\u00e7a no Bairro Buriti, por tr\u00e1s do Condom\u00ednio Buriti I, em frente ao local onde est\u00e1 sendo constru\u00edda uma creche."}, {"id": "610", "ano": "2025", "numero": "138", "tipo__sigla": "REQ", "tipo__descricao": "Requerimento", "autoria": "Di\u00ea Silva, Fabi Carvalho, Marcelo Confec\u00e7\u00e3o, Odaliana Alves", "texto_original": "http://sapl.pacajus.ce.leg.br/media/", "ementa": "Requer ao Poder Executivo uma ajuda de custo para a Associa\u00e7\u00e3o  Crist\u00e3 Feminina de Pacajus."}, {"id": "613", "ano": "2025", "numero": "139", "tipo__sigla": "REQ", "tipo__descricao": "Requerimento", "autoria": "Fabi Carvalho", "texto_original": "http://sapl.pacajus.ce.leg.br/media/", "ementa": "Requer a continua\u00e7\u00e3o do cal\u00e7amento da entrada da Cavalaria que liga a Escola Maria do Carmo de Sousa Lopes, at\u00e9 a Pra\u00e7a da Cavalaria."}, {"id": "615", "ano": "2025", "numero": "140", "tipo__sigla": "REQ", "tipo__descricao": "Requerimento", "autoria": "Odaliana Alves, Carlinhos da Aldeia", "texto_original": "http://sapl.pacajus.ce.leg.br/media/", "ementa": "Requer o retorno do sem\u00e1foro na Rua. C\u00f4nego Eduardo Araripe em frente ao Est\u00e1dio Jo\u00e3o Ronaldo."}, {"id": "616", "ano": "2025", "numero": "141", "tipo__sigla": "REQ", "tipo__descricao": "Requerimento", "autoria": "Di\u00ea Silva, Ronaldo dos Frios", "texto_original": "http://sapl.pacajus.ce.leg.br/media/", "ementa": "Requer a pavimenta\u00e7\u00e3o das entradas da localidade do Tucum."}, {"id": "622", "ano": "2025", "numero": "142", "tipo__sigla": "REQ", "tipo__descricao": "Requerimento", "autoria": "Reginaldo Firmino, Ant\u00f4nio Guaran\u00e1, Carlinhos da Aldeia, Did\u00e3o, J\u00fanior Aguiar, Mateus da Itaipaba, Odaliana Alves", "texto_original": "http://sapl.pacajus.ce.leg.br/media/", "ementa": "Requer ao poder Executivo a Pavimenta\u00e7\u00e3o de intertravado nas Ruas; Perpetua Ferreira,  Rua; Maria Jos\u00e9 Nogueira,  Rua; Francisco Jardelino,  Rua; Mirtes Paissandu,  Rua; Tangelina Alves da Silva,  Rua; Wilson Alves Almeida. Todas localizadas no Bairro Paje\u00fa."}, {"id": "628", "ano": "2025", "numero": "143", "tipo__sigla": "REQ", "tipo__descricao": "Requerimento", "autoria": "Did\u00e3o", "texto_original": "http://sapl.pacajus.ce.leg.br/media/", "ementa": "Requer ao Poder Executivo  a reativa\u00e7\u00e3o da Banda Musical Expedito Chaves Cavalcante."}, {"id": "631", "ano": "2025", "numero": "144", "tipo__sigla": "REQ", "tipo__descricao": "Requerimento", "autoria": "Fabi Carvalho, Ant\u00f4nio Guaran\u00e1, Did\u00e3o, Mateus da Itaipaba, Odaliana Alves, Reginaldo Firmino, Ronaldo dos Frios", "texto_original": "http://sapl.pacajus.ce.leg.br/media/", "ementa": "REQUER O CAL\u00c7AMENTO EM PEDRA TOSCA NA RUA FRANCISCO BAS\u00cdLIO FILHO, RUA TEODORICO FERREIRA LIMA E RUA AGENOR FERREIRA MAIA, NA LOCALIDADE DO FORMOSO, NO MUNIC\u00cdPIO DE PACAJUS-CE"}, {"id": "635", "ano": "2025", "numero": "145", "tipo__sigla": "REQ", "tipo__descricao": "Requerimento", "autoria": "Di\u00ea Silva", "texto_original": "http://sapl.pacajus.ce.leg.br/media/", "ementa": "Requer a constru\u00e7\u00e3o de uma Areninha para o Bairro Tucum."}, {"id": "636", "ano": "2025", "numero": "146", "tipo__sigla": "REQ", "tipo__descricao": "Requerimento", "autoria": "Ronaldo dos Frios, Di\u00ea Silva", "texto_original": "http://sapl.pacajus.ce.leg.br/media/", "ementa": "Requer ao poder Executivo a pavimenta\u00e7\u00e3o asf\u00e1ltica no Bairro Coa\u00e7u nas seguintes ruas: Ant\u00f4nio Laurentino de oliveira, Francisco In\u00e1cio da Costa, Davi Charles da Silva Oliveira, Luis Gomes Sobrinho"}, {"id": "640", "ano": "2025", "numero": "147", "tipo__sigla": "REQ", "tipo__descricao": "Requerimento", "autoria": "Ronaldo dos Frios, Did\u00e3o, Eudes Freitas, J\u00fanior Aguiar, Odaliana Alves", "texto_original": "http://sapl.pacajus.ce.leg.br/media/", "ementa": "Requer ao Poder Executivo a constru\u00e7\u00e3o de um  cal\u00e7ad\u00e3o na parede do Beira a\u00e7ude ao lado do Marinas."}, {"id": "642", "ano": "2025", "numero": "148", "tipo__sigla": "REQ", "tipo__descricao": "Requerimento", "autoria": "Odaliana Alves, Ronaldo dos Frios", "texto_original": "http://sapl.pacajus.ce.leg.br/media/", "ementa": "Requer ao poder Executivo a Constru\u00e7\u00e3o de uma areninha  na comunidade Quilombola BASE."}, {"id": "643", "ano": "2025", "numero": "149", "tipo__sigla": "REQ", "tipo__descricao": "Requerimento", "autoria": "Carlinhos da Aldeia", "texto_original": "http://sapl.pacajus.ce.leg.br/media/", "ementa": "Requer ao Poder Executivo a implanta\u00e7\u00e3o de redutores de velocidade tipo tartarugas, pra rua Ant\u00f4nio Maciel  de Lima."}, {"id": "646", "ano": "2025", "numero": "150", "tipo__sigla": "REQ", "tipo__descricao": "Requerimento", "autoria": "Odaliana Alves", "texto_original": "http://sapl.pacajus.ce.leg.br/media/", "ementa": "Requer ao Poder Executivo a reforma do cal\u00e7amento e a drenagem da Rua: Raimundo Agostinho da Silva na estrada principal de acesso a a localidade da Base."}, {"id": "649", "ano": "2025", "numero": "151", "tipo__sigla": "REQ", "tipo__descricao": "Requerimento", "autoria": "Reginaldo Firmino", "texto_original": "http://sapl.pacajus.ce.leg.br/media/", "ementa": "Requer a reforma e a amplia\u00e7\u00e3o da Pra\u00e7a na  localidade de Formoso com Playground completo e academia da sa\u00fade."}, {"id": "650", "ano": "2025", "numero": "152", "tipo__sigla": "REQ", "tipo__descricao": "Requerimento", "autoria": "Reginaldo Firmino", "texto_original": "http://sapl.pacajus.ce.leg.br/media/", "ementa": "Requer a constru\u00e7\u00e3o de uma Areninha na comunidade de Formoso."}, {"id": "652", "ano": "2025", "numero": "153", "tipo__sigla": "REQ", "tipo__descricao": "Requerimento", "autoria": "J\u00fanior Aguiar", "texto_original": "http://sapl.pacajus.ce.leg.br/media/", "ementa": "Requer a reforma da rotat\u00f3ria do Guaratur."}, {"id": "653", "ano": "2025", "numero": "154", "tipo__sigla": "REQ", "tipo__descricao": "Requerimento", "autoria": "Marcelo Confec\u00e7\u00e3o, Di\u00ea Silva", "texto_original": "http://sapl.pacajus.ce.leg.br/media/", "ementa": "Requer ao poder executivo que sejam confeccionadas e instaladas ferramentas em espa\u00e7os p\u00fablicos de forma estrat\u00e9gica para alimenta\u00e7\u00e3o de animais  nas ruas."}, {"id": "663", "ano": "2025", "numero": "155", "tipo__sigla": "REQ", "tipo__descricao": "Requerimento", "autoria": "J\u00fanior Aguiar", "texto_original": "http://sapl.pacajus.ce.leg.br/media/", "ementa": "Requer a reforma do Cemit\u00e9rio, localizado no Bairro Lagoa Seca, e d\u00e1 ouras provid\u00eancias."}, {"id": "664", "ano": "2025", "numero": "156", "tipo__sigla": "REQ", "tipo__descricao": "Requerimento", "autoria": "Eudes Freitas, Did\u00e3o, Fabi Carvalho, Mateus da Itaipaba, Odaliana Alves", "texto_original": "http://sapl.pacajus.ce.leg.br/media/", "ementa": "Requer ao Poder Executivo a drenagem e a pavimenta\u00e7\u00e3o em bloquetes na Rua. Tabeli\u00e3o Jos\u00e9 Gama Filho at\u00e9 a Rua. Manoel Esmero."}, {"id": "665", "ano": "2025", "numero": "157", "tipo__sigla": "REQ", "tipo__descricao": "Requerimento", "autoria": "Fabi Carvalho", "texto_original": "http://sapl.pacajus.ce.leg.br/media/", "ementa": "REQUER O FORNECIMENTO DE FARDAMENTO ESCOLAR NOVO PARA TODOS OS ALUNOS DA REDE P\u00daBLICA MUNICIPAL DE ENSINO DE PACAJUS-CE."}, {"id": "671", "ano": "2025", "numero": "158", "tipo__sigla": "REQ", "tipo__descricao": "Requerimento", "autoria": "Evilazio da Luz", "texto_original": "http://sapl.pacajus.ce.leg.br/media/", "ementa": "Requer ao Poder Executivo a constru\u00e7\u00e3o de um Chafariz onde est\u00e1 localizado o Chafariz do Aroldo em Umar\u00ed de baixo."}, {"id": "673", "ano": "2025", "numero": "159", "tipo__sigla": "REQ", "tipo__descricao": "Requerimento", "autoria": "Evilazio da Luz", "texto_original": "http://sapl.pacajus.ce.leg.br/media/", "ementa": "Requer ao Poder Executivo a constru\u00e7\u00e3o de uma base com uma caixa D'\u00e1gua no po\u00e7o da Valdisia na Rua. Francisco Guilherme dos Santos em Umari."}, {"id": "677", "ano": "2025", "numero": "160", "tipo__sigla": "REQ", "tipo__descricao": "Requerimento", "autoria": "Marcelo Confec\u00e7\u00e3o", "texto_original": "http://sapl.pacajus.ce.leg.br/media/", "ementa": "Requer do Poder Executivo, um espa\u00e7o adequado para a pr\u00e1tica de caminhadas e corridas."}, {"id": "680", "ano": "2025", "numero": "161", "tipo__sigla": "REQ", "tipo__descricao": "Requerimento", "autoria": "Carlinhos da Aldeia, Marcelo Confec\u00e7\u00e3o, Odaliana Alves, Reginaldo Firmino", "texto_original": "http://sapl.pacajus.ce.leg.br/media/", "ementa": "Requer ao Poder Executivo a pavimenta\u00e7\u00e3o em piso intertravado iniciando na Rua. Jos\u00e9 Francisco e terminando na Rua Jos\u00e9 Fonseca Lopes localizado no Bairro Aldeia na forma que indica."}, {"id": "683", "ano": "2025", "numero": "162", "tipo__sigla": "REQ", "tipo__descricao": "Requerimento", "autoria": "Fabi Carvalho, Ant\u00f4nio Guaran\u00e1, Reginaldo Firmino", "texto_original": "http://sapl.pacajus.ce.leg.br/media/", "ementa": "REQUER ENVIO DE OF\u00cdCIO \u00c0 SECRETARIA MUNICIPAL DE INFRAESTRUTURA E DESENVOLVIMENTO URBANO SOLICITANDO O CAL\u00c7AMENTO DE PISO INTERTRAVADO DA RUA LINDOMAR ONORATO, BANGU\u00ca 01, PACAJUS."}, {"id": "685", "ano": "2025", "numero": "163", "tipo__sigla": "REQ", "tipo__descricao": "Requerimento", "autoria": "Marcelo Confec\u00e7\u00e3o", "texto_original": "http://sapl.pacajus.ce.leg.br/media/", "ementa": "Requer a revitaliza\u00e7\u00e3o de uma \u00e1rea verde localizada na Pedra Branca, pr\u00f3ximo ao local de tratamento de \u00e1gua da Cagece."}, {"id": "688", "ano": "2025", "numero": "164", "tipo__sigla": "REQ", "tipo__descricao": "Requerimento", "autoria": "Bruninho Figueiredo", "texto_original": "http://sapl.pacajus.ce.leg.br/media/", "ementa": "Requer ao Poder Executivo a Solicita\u00e7\u00e3o de Ordem de Servi\u00e7o da Secretaria de Cultura e Museu Municipal de Pacajus."}, {"id": "689", "ano": "2025", "numero": "165", "tipo__sigla": "REQ", "tipo__descricao": "Requerimento", "autoria": "Bruninho Figueiredo", "texto_original": "http://sapl.pacajus.ce.leg.br/media/", "ementa": "Requer a Ordem de Servi\u00e7o  do Centro Gastron\u00f4mico"}, {"id": "690", "ano": "2025", "numero": "166", "tipo__sigla": "REQ", "tipo__descricao": "Requerimento", "autoria": "Ronaldo dos Frios, Juninho do Gaminha", "texto_original": "http://sapl.pacajus.ce.leg.br/media/", "ementa": "Requer do poder executivo a pavimenta\u00e7\u00e3o em Pedra Tosca ou Bloquete, das seguintes ruas: Rua Maria Jos\u00e9 de Oliveira e Rua Maria Est\u00eav\u00e3o de Sousa, ambas situadas no Bairro Paje\u00fa."}, {"id": "691", "ano": "2025", "numero": "167", "tipo__sigla": "REQ", "tipo__descricao": "Requerimento", "autoria": "Ronaldo dos Frios", "texto_original": "http://sapl.pacajus.ce.leg.br/media/", "ementa": "Requer a constru\u00e7\u00e3o de um quiosque no a\u00e7ude do Pascoal, em frente ao Regis Clube."}, {"id": "695", "ano": "2025", "numero": "168", "tipo__sigla": "REQ", "tipo__descricao": "Requerimento", "autoria": "Fabi Carvalho", "texto_original": "http://sapl.pacajus.ce.leg.br/media/", "ementa": "Requer ao poder executivo a constru\u00e7\u00e3o de uma Unidade B\u00e1sica de Sa\u00fade na localidade de Curimat\u00e3."}, {"id": "704", "ano": "2025", "numero": "169", "tipo__sigla": "REQ", "tipo__descricao": "Requerimento", "autoria": "Mateus da Itaipaba, Ant\u00f4nio Guaran\u00e1, Carlinhos da Aldeia, Did\u00e3o, Di\u00ea Silva, Evilazio da Luz, Juninho do Gaminha, J\u00fanior Aguiar, Marcelo Confec\u00e7\u00e3o, Odaliana Alves, Reginaldo Firmino, Ronaldo dos Frios", "texto_original": "http://sapl.pacajus.ce.leg.br/media/", "ementa": "Requer a Urbaniza\u00e7\u00e3o do a\u00e7ude da Paulic\u00e9ia, incluindo Passagem molhada com intertravado em toda a extens\u00e3o da parede do a\u00e7ude, reforma dos quiosques e constru\u00e7\u00e3o de uma arena para a pr\u00e1tica de futebol."}, {"id": "705", "ano": "2025", "numero": "170", "tipo__sigla": "REQ", "tipo__descricao": "Requerimento", "autoria": "Mateus da Itaipaba, Juninho do Gaminha, J\u00fanior Aguiar", "texto_original": "http://sapl.pacajus.ce.leg.br/media/", "ementa": "Requer ao Poder Executivo, a ilumina\u00e7\u00e3o dos retornos nas entradas e sa\u00eddas do Munic\u00edpio de ponta a ponta com energia comum ou solar, incluindo a entrada da Zona Rural."}, {"id": "706", "ano": "2025", "numero": "171", "tipo__sigla": "REQ", "tipo__descricao": "Requerimento", "autoria": "Marcelo Confec\u00e7\u00e3o, J\u00fanior Aguiar, Odaliana Alves", "texto_original": "http://sapl.pacajus.ce.leg.br/media/", "ementa": "Requer do Poder Executivo a Constru\u00e7\u00e3o do CEU DA CULTURA (Centro de Artes e Esportes Unificados da Cultura) no bairro Croat\u00e1 2."}, {"id": "707", "ano": "2025", "numero": "172", "tipo__sigla": "REQ", "tipo__descricao": "Requerimento", "autoria": "Marcelo Confec\u00e7\u00e3o", "texto_original": "http://sapl.pacajus.ce.leg.br/media/", "ementa": "Requer a implanta\u00e7\u00e3o da Guarda Patrimonial nos ambientes p\u00fablicos vulner\u00e1veis de nossa cidade."}, {"id": "708", "ano": "2025", "numero": "173", "tipo__sigla": "REQ", "tipo__descricao": "Requerimento", "autoria": "Eudes Freitas", "texto_original": "http://sapl.pacajus.ce.leg.br/media/", "ementa": "Requer a reforma do cal\u00e7amento na Rua Bento Nepomuceno, no trecho que liga a Rua Tabeli\u00e3o Jos\u00e9 Gama Filho a BR 116."}, {"id": "709", "ano": "2025", "numero": "174", "tipo__sigla": "REQ", "tipo__descricao": "Requerimento", "autoria": "Bruninho Figueiredo", "texto_original": "http://sapl.pacajus.ce.leg.br/media/", "ementa": "Requer um mutir\u00e3o de cirurgias de catarata, e d\u00e1 outras provid\u00eancias."}, {"id": "711", "ano": "2025", "numero": "175", "tipo__sigla": "REQ", "tipo__descricao": "Requerimento", "autoria": "Ronaldo dos Frios, Juninho do Gaminha", "texto_original": "http://sapl.pacajus.ce.leg.br/media/", "ementa": "Requer a Revitaliza\u00e7\u00e3o da Rua dos Coqueiros, e d\u00e1 outras provid\u00eancias."}, {"id": "715", "ano": "2025", "numero": "177", "tipo__sigla": "REQ", "tipo__descricao": "Requerimento", "autoria": "J\u00fanior Aguiar", "texto_original": "http://sapl.pacajus.ce.leg.br/media/", "ementa": "Requer ao Poder Executivo a amplia\u00e7\u00e3o do hor\u00e1rio de funcionamento da UBS Francisca de Jesus da Silva Lima no Buriti at\u00e9 as 22hs ."}, {"id": "716", "ano": "2025", "numero": "178", "tipo__sigla": "REQ", "tipo__descricao": "Requerimento", "autoria": "Eudes Freitas", "texto_original": "http://sapl.pacajus.ce.leg.br/media/", "ementa": "Requer a constru\u00e7\u00e3o de um chafariz com a instala\u00e7\u00e3o de uma bomba d\u00b4\u00e1gua na Vila dos Pescadores, situado na Localidade de Alto Vermelho."}, {"id": "718", "ano": "2025", "numero": "179", "tipo__sigla": "REQ", "tipo__descricao": "Requerimento", "autoria": "J\u00fanior Aguiar, Marcelo Confec\u00e7\u00e3o, Odaliana Alves", "texto_original": "http://sapl.pacajus.ce.leg.br/media/", "ementa": "Requer ao Poder Executivo a constru\u00e7\u00e3o de uma escola no Croat\u00e1 Ville."}, {"id": "720", "ano": "2025", "numero": "180", "tipo__sigla": "REQ", "tipo__descricao": "Requerimento", "autoria": "Carlinhos da Aldeia", "texto_original": "http://sapl.pacajus.ce.leg.br/media/", "ementa": "Requer a pavimenta\u00e7\u00e3o com intertravado na Travessa Ronielly Cunha, no bairro Paje\u00fa, e d\u00e1 outras provid\u00eancias."}, {"id": "727", "ano": "2025", "numero": "181", "tipo__sigla": "REQ", "tipo__descricao": "Requerimento", "autoria": "Bruninho Figueiredo", "texto_original": "http://sapl.pacajus.ce.leg.br/media/", "ementa": "Requer a retomada do servi\u00e7o de cuidados paliativos no munic\u00edpio de Pacajus."}, {"id": "730", "ano": "2025", "numero": "182", "tipo__sigla": "REQ", "tipo__descricao": "Requerimento", "autoria": "Marcelo Confec\u00e7\u00e3o", "texto_original": "http://sapl.pacajus.ce.leg.br/media/", "ementa": "Requer a reforma da Pra\u00e7a da Mutuca, e d\u00e1 outras provid\u00eancias."}, {"id": "731", "ano": "2025", "numero": "183", "tipo__sigla": "REQ", "tipo__descricao": "Requerimento", "autoria": "Marcelo Confec\u00e7\u00e3o", "texto_original": "http://sapl.pacajus.ce.leg.br/media/", "ementa": "Requer a revitaliza\u00e7\u00e3o, reforma e limpeza do Espa\u00e7o Cultural \"TIO ZEZ\u00c9\", na comunidade Quilombola da Base."}, {"id": "732", "ano": "2025", "numero": "184", "tipo__sigla": "REQ", "tipo__descricao": "Requerimento", "autoria": "Ronaldo dos Frios", "texto_original": "http://sapl.pacajus.ce.leg.br/media/", "ementa": "Requer ao Poder Executivo a pavimenta\u00e7\u00e3o asf\u00e1ltica da  Rua: Cicero Madeira no bairro Croat\u00e1 II."}, {"id": "739", "ano": "2025", "numero": "185", "tipo__sigla": "REQ", "tipo__descricao": "Requerimento", "autoria": "Evilazio da Luz, Odaliana Alves", "texto_original": "http://sapl.pacajus.ce.leg.br/media/", "ementa": "Requer ao Poder Executivo a Constru\u00e7\u00e3o de uma base com Caixa d'\u00c1gua na Rua Hamilton Rufino no po\u00e7o do Dim no distrito de Umari de baixo."}, {"id": "740", "ano": "2025", "numero": "186", "tipo__sigla": "REQ", "tipo__descricao": "Requerimento", "autoria": "Evilazio da Luz", "texto_original": "http://sapl.pacajus.ce.leg.br/media/", "ementa": "Requer uma base com caixa d'\u00e1gua na Rua Jos\u00e9 Gonzaga dos Santos (Po\u00e7o do Z\u00e9 Clelso), que fica situado na localidade da Base."}, {"id": "742", "ano": "2025", "numero": "187", "tipo__sigla": "REQ", "tipo__descricao": "Requerimento", "autoria": "Bruninho Figueiredo", "texto_original": "http://sapl.pacajus.ce.leg.br/media/", "ementa": "Requer o retorno do Projeto AME (Aleitamento Materno Exclusivo) no munic\u00edpio de Pacajus."}, {"id": "743", "ano": "2025", "numero": "188", "tipo__sigla": "REQ", "tipo__descricao": "Requerimento", "autoria": "Marcelo Confec\u00e7\u00e3o", "texto_original": "http://sapl.pacajus.ce.leg.br/media/", "ementa": "Requer a pavimenta\u00e7\u00e3o asf\u00e1ltica para todas as Ruas do Planalto Popular, no Bairro Aldeia, em Pacajus/Ce."}, {"id": "744", "ano": "2025", "numero": "189", "tipo__sigla": "REQ", "tipo__descricao": "Requerimento", "autoria": "Odaliana Alves, Di\u00ea Silva, Evilazio da Luz, Ronaldo dos Frios", "texto_original": "http://sapl.pacajus.ce.leg.br/media/", "ementa": "Requer ao poder Executivo a continua\u00e7\u00e3o com rede de energia e poste de Iluminaria at\u00e9 a Ponte das  Ruas principais da Base, Tia J\u00falia e Tia Nazar\u00e9 ."}, {"id": "745", "ano": "2025", "numero": "190", "tipo__sigla": "REQ", "tipo__descricao": "Requerimento", "autoria": "Odaliana Alves, Bruninho Figueiredo, J\u00fanior Aguiar, Marcelo Confec\u00e7\u00e3o", "texto_original": "http://sapl.pacajus.ce.leg.br/media/", "ementa": "Requer uma piscina aquecida (de prefer\u00eancia a do Municipal), para as pessoas que sofrem com fibromialgia, praticarem hidrogin\u00e1stica."}, {"id": "746", "ano": "2025", "numero": "191", "tipo__sigla": "REQ", "tipo__descricao": "Requerimento", "autoria": "Di\u00ea Silva, Juninho do Gaminha, J\u00fanior Aguiar, Marcelo Confec\u00e7\u00e3o, Odaliana Alves", "texto_original": "http://sapl.pacajus.ce.leg.br/media/", "ementa": "Requer do Poder Executivo a constru\u00e7\u00e3o de um P\u00f3lo de Lazer no Bairro Pedra Branca, com Quadra de Esportes, Pra\u00e7a e uma Areninha."}, {"id": "752", "ano": "2025", "numero": "192", "tipo__sigla": "REQ", "tipo__descricao": "Requerimento", "autoria": "J\u00fanior Aguiar, Ant\u00f4nio Guaran\u00e1", "texto_original": "http://sapl.pacajus.ce.leg.br/media/", "ementa": "Requer ao Poder Executivo a reforma e a amplia\u00e7\u00e3o de uma pra\u00e7a que se localiza entre o Bangu\u00ea II e a Vila Diogo."}, {"id": "755", "ano": "2025", "numero": "193", "tipo__sigla": "REQ", "tipo__descricao": "Requerimento", "autoria": "Did\u00e3o, Carlinhos da Aldeia, Odaliana Alves", "texto_original": "http://sapl.pacajus.ce.leg.br/media/", "ementa": "Requer um P\u00f3lo de lazer com Arena, para a pr\u00e1tica de Esportes no Bairro Olho D'\u00e1gua."}, {"id": "757", "ano": "2025", "numero": "194", "tipo__sigla": "REQ", "tipo__descricao": "Requerimento", "autoria": "Di\u00ea Silva, Juninho do Gaminha, Ronaldo dos Frios", "texto_original": "http://sapl.pacajus.ce.leg.br/media/", "ementa": "Requer a pavimenta\u00e7\u00e3o com intertravado na Rua Silvio Felipe de Oliveira, no Bairro Coa\u00e7\u00fa, e d\u00e1 outras provid\u00eancias."}, {"id": "758", "ano": "2025", "numero": "195", "tipo__sigla": "REQ", "tipo__descricao": "Requerimento", "autoria": "Did\u00e3o, Ant\u00f4nio Guaran\u00e1, Carlinhos da Aldeia, Juninho do Gaminha, Odaliana Alves", "texto_original": "http://sapl.pacajus.ce.leg.br/media/", "ementa": "Requer a pavimenta\u00e7\u00e3o em Malha asf\u00e1ltica nas Ruas Alu\u00edzio Gon\u00e7alves Louredo e Rua Jos\u00e9 dos Santos Gir\u00e3o, em toda sua extens\u00e3o, ambas situadas no Bairro Aldeia Park."}, {"id": "759", "ano": "2025", "numero": "196", "tipo__sigla": "REQ", "tipo__descricao": "Requerimento", "autoria": "Ronaldo dos Frios", "texto_original": "http://sapl.pacajus.ce.leg.br/media/", "ementa": "Requer a Pavimenta\u00e7\u00e3o asf\u00e1ltica na Rua Raimundo Almeida de Lima e Rua Bento Nepomuceno, situadas no Bairro Buriti dos Esmeros."}, {"id": "713", "ano": "2025", "numero": "197", "tipo__sigla": "REQ", "tipo__descricao": "Requerimento", "autoria": "J\u00fanior Aguiar", "texto_original": "http://sapl.pacajus.ce.leg.br/media/", "ementa": "Requer do poder executivo a regulariza\u00e7\u00e3o fundi\u00e1ria e a entrega das documenta\u00e7\u00f5es dos terrenos para os moradores do Ded\u00e9 Gama e Vila Diogo"}, {"id": "764", "ano": "2025", "numero": "198", "tipo__sigla": "REQ", "tipo__descricao": "Requerimento", "autoria": "Di\u00ea Silva", "texto_original": "http://sapl.pacajus.ce.leg.br/media/", "ementa": "REQUER A CRIA\u00c7\u00c3O DE UMA UNIDADE DE PRONTO ATENDIMENTO VETERIN\u00c1RIO (UPA-VET) NO MUNIC\u00cdPIO DE PACAJUS-CE."}, {"id": "770", "ano": "2025", "numero": "199", "tipo__sigla": "REQ", "tipo__descricao": "Requerimento", "autoria": "Odaliana Alves", "texto_original": "http://sapl.pacajus.ce.leg.br/media/", "ementa": "Requer a reforma da Pra\u00e7a \u201cPracinha do Conjunto Novo Croat\u00e1\u201d, que fica situada na Rua Luiza Freire da Silva, Bairro Croat\u00e1 2, e d\u00e1 outras provid\u00eancias."}, {"id": "775", "ano": "2025", "numero": "200", "tipo__sigla": "REQ", "tipo__descricao": "Requerimento", "autoria": "J\u00fanior Aguiar", "texto_original": "http://sapl.pacajus.ce.leg.br/media/", "ementa": "Requer do Poder Executivo a instala\u00e7\u00e3o de uma Faixa de Pedestres e Sinaliza\u00e7\u00e3o na Rua Expedito Chaves Cavalcante, pr\u00f3ximo a UBS do Coa\u00e7\u00fa que fica localizada no \"Beco da Lavanderia\", e d\u00e1 outras provid\u00eancias."}, {"id": "777", "ano": "2025", "numero": "201", "tipo__sigla": "REQ", "tipo__descricao": "Requerimento", "autoria": "Bruninho Figueiredo", "texto_original": "http://sapl.pacajus.ce.leg.br/media/", "ementa": "Requer a distribui\u00e7\u00e3o de Kits Beb\u00ea nos Centros de Refer\u00eancia de Assist\u00eancia Social (CRAS) do Munic\u00edpio de Pacajus, por meio da Secretaria de Assist\u00eancia Social, e d\u00e1 outras provid\u00eancias."}, {"id": "779", "ano": "2025", "numero": "202", "tipo__sigla": "REQ", "tipo__descricao": "Requerimento", "autoria": "Eudes Freitas", "texto_original": "http://sapl.pacajus.ce.leg.br/media/", "ementa": "Requer o reajuste salarial para a categoria dos Agentes Administrativos e Agentes de Apoio \u00e0 inclus\u00e3o da Secretaria de Educa\u00e7\u00e3o do Munic\u00edpio de Pacajus-CE, e d\u00e1 outras provid\u00eancias."}, {"id": "782", "ano": "2025", "numero": "203", "tipo__sigla": "REQ", "tipo__descricao": "Requerimento", "autoria": "Reginaldo Firmino", "texto_original": "http://sapl.pacajus.ce.leg.br/media/", "ementa": "Requer ao poder Executivo a constru\u00e7\u00e3o de uma pra\u00e7a com academia de sa\u00fade e de equipamentos inclusivos para pessoas com Transtorno do Espectro Autista (TEA) no bairro Paje\u00fa enfrente a escola E.M.T.I . Professor Edite Nogueira da Costa."}, {"id": "785", "ano": "2025", "numero": "204", "tipo__sigla": "REQ", "tipo__descricao": "Requerimento", "autoria": "Bruninho Figueiredo", "texto_original": "http://sapl.pacajus.ce.leg.br/media/", "ementa": "Requer ao Poder Executivo a instala\u00e7\u00e3o de a climatiza\u00e7\u00e3o nas escolas de ensino infantis e fundamental do munic\u00edpio de Pacajus."}, {"id": "786", "ano": "2025", "numero": "205", "tipo__sigla": "REQ", "tipo__descricao": "Requerimento", "autoria": "Bruninho Figueiredo", "texto_original": "http://sapl.pacajus.ce.leg.br/media/", "ementa": "Requer ao poder Executivo a constru\u00e7\u00e3o de uma pista de motocross na Comunidade do Cumaru e d\u00e1 outras provid\u00eancias."}, {"id": "787", "ano": "2025", "numero": "206", "tipo__sigla": "REQ", "tipo__descricao": "Requerimento", "autoria": "Ant\u00f4nio Guaran\u00e1", "texto_original": "http://sapl.pacajus.ce.leg.br/media/", "ementa": "Requer ao Poder Executivo a Constru\u00e7\u00e3o de um novo Gin\u00e1sio Poliesportivo - Augusto Araripe Filho, com uma quadra no Padr\u00e3o oficial, e d\u00e1 outras provid\u00eancias."}, {"id": "795", "ano": "2025", "numero": "207", "tipo__sigla": "REQ", "tipo__descricao": "Requerimento", "autoria": "Carlinhos da Aldeia, Di\u00ea Silva, Mateus da Itaipaba", "texto_original": "http://sapl.pacajus.ce.leg.br/media/", "ementa": "Solicita ao Poder Executivo a elabora\u00e7\u00e3o de um plano de cargos, carreira e vencimentos (PCCV) para todos os servidores da Secretaria de Infraestrutura e Desenvolvimento Urbano do Munic\u00edpio de Pacajus-CE."}, {"id": "796", "ano": "2025", "numero": "208", "tipo__sigla": "REQ", "tipo__descricao": "Requerimento", "autoria": "Di\u00ea Silva", "texto_original": "http://sapl.pacajus.ce.leg.br/media/", "ementa": "Requer ao Poder Executivo a cria\u00e7\u00e3o, no \u00e2mbito da Secretaria Municipal de Administra\u00e7\u00e3o e Finan\u00e7as, de programa de incentivo fiscal voltado ao incentivo \u00e0 ado\u00e7\u00e3o de animais em situa\u00e7\u00e3o de rua no Munic\u00edpio de Pacajus/CE."}, {"id": "448", "ano": "2025", "numero": "1", "tipo__sigla": "MOC", "tipo__descricao": "Mo\u00e7\u00e3o", "autoria": "Ant\u00f4nio Guaran\u00e1, Carlinhos da Aldeia, Did\u00e3o, Di\u00ea Silva, Eudes Freitas, Evilazio da Luz, Fabi Carvalho, Juninho do Gaminha, J\u00fanior Aguiar, Marcelo Confec\u00e7\u00e3o, Mateus da Itaipaba, Odaliana Alves, Reginaldo Firmino, Ronaldo dos Frios", "texto_original": "http://sapl.pacajus.ce.leg.br/media/", "ementa": "Mo\u00e7\u00e3o de Rep\u00fadio referente as falas do ex-prefeito Bruno Figueredo em um podcast municipal, citando vereadores da C\u00e2mara Municipal de Pacajus."}, {"id": "687", "ano": "2025", "numero": "2", "tipo__sigla": "MOC", "tipo__descricao": "Mo\u00e7\u00e3o", "autoria": "Mesa Diretora", "texto_original": "http://sapl.pacajus.ce.leg.br/media/", "ementa": "Mo\u00e7\u00e3o de Louvor em Alus\u00e3o aos 70 Anos da Assembleia de Deus em Pacajus."}, {"id": "575", "ano": "2025", "numero": "69", "tipo__sigla": "PPTC", "tipo__descricao": "Parecer Pr\u00e9vio do Tribunal de Contas do Estado", "autoria": "Tribunal de Contas do Estado do Cear\u00e1", "texto_original": "http://sapl.pacajus.ce.leg.br/media/sapl/public/materialegislativa/2025/575/parecer_contas_-_2022.pdf", "ementa": "Presta\u00e7\u00e3o de Contas de Governo Munic\u00edpio de Pacajus, Exerc\u00edcio 2022."}]}